{"id":11622,"date":"2020-11-05T10:51:47","date_gmt":"2020-11-05T09:51:47","guid":{"rendered":"https:\/\/portesdesiris.ch\/?p=11622"},"modified":"2020-11-05T10:51:47","modified_gmt":"2020-11-05T09:51:47","slug":"organize-an-event-in-the-post-confinement-period-our-reflections-as-event-professionals-and-our-tips","status":"publish","type":"post","link":"https:\/\/portesdesiris.ch\/en\/organize-an-event-in-the-post-confinement-period-our-reflections-as-event-professionals-and-our-tips\/","title":{"rendered":"Organize an event in the post-confinement period. Our reflections as event professionals and our tips."},"content":{"rendered":"<h3>You are in charge of organizing conferences, department parties or other meetings of employees or customers and you wonder about the best options to consider in this period of social distancing? Between events involving several dozen or hundreds of employees and teleworking, there are many possibilities available to you.<\/h3>\n<p>After weeks of confinement which imposed for some people teleworking or longer distances between workstations, meetings on small screens, bringing your employees closer together is essential for this new season!<\/p>\n<p>A new way of working is coming into place, with many advantages, but the importance of contact and the maintenance of human links must not be neglected.<\/p>\n<p>The rules of the game may have changed, but &#8220;the round&#8221; hasn&#8217;t disappeared and there are many opportunities to get together.<\/p>\n<p><strong># outdoor<\/strong><\/p>\n<p>Favour the use of outdoor spaces for most of the work or recreational program, if time permits, but not only. Fresh air is good for the head and body, and this is possible in all weathers, with the right equipment. Good news, the Indian summer in Switzerland has been a reality for several years, the wedding specialists that we are have noticed it by organizing aperitifs on our terrace until November.<\/p>\n\n\t\t<style type=\"text\/css\">\n\t\t\t#gallery-1 {\n\t\t\t\tmargin: auto;\n\t\t\t}\n\t\t\t#gallery-1 .gallery-item {\n\t\t\t\tfloat: left;\n\t\t\t\tmargin-top: 10px;\n\t\t\t\ttext-align: center;\n\t\t\t\twidth: 50%;\n\t\t\t}\n\t\t\t#gallery-1 img {\n\t\t\t\tborder: 2px solid #cfcfcf;\n\t\t\t}\n\t\t\t#gallery-1 .gallery-caption {\n\t\t\t\tmargin-left: 0;\n\t\t\t}\n\t\t\t\/* see gallery_shortcode() in wp-includes\/media.php *\/\n\t\t<\/style>\n\t\t<div id='gallery-1' class='gallery galleryid-11622 gallery-columns-2 gallery-size-large'><dl class='gallery-item'>\n\t\t\t<dt class='gallery-icon portrait'>\n\t\t\t\t<a href='https:\/\/portesdesiris.ch\/en\/portes-des-iris-jardin-entreprise-2\/'><img loading=\"lazy\" decoding=\"async\" width=\"768\" height=\"1024\" src=\"https:\/\/portesdesiris.ch\/wp-content\/uploads\/2020\/09\/portes-des-iris-jardin-entreprise-768x1024.jpg\" class=\"attachment-large size-large\" alt=\"visite des jardins par un groupe entreprise\" srcset=\"https:\/\/portesdesiris.ch\/wp-content\/uploads\/2020\/09\/portes-des-iris-jardin-entreprise-768x1024.jpg 768w, https:\/\/portesdesiris.ch\/wp-content\/uploads\/2020\/09\/portes-des-iris-jardin-entreprise-225x300.jpg 225w, https:\/\/portesdesiris.ch\/wp-content\/uploads\/2020\/09\/portes-des-iris-jardin-entreprise.jpg 1000w\" sizes=\"auto, (max-width: 768px) 100vw, 768px\" \/><\/a>\n\t\t\t<\/dt><\/dl><dl class='gallery-item'>\n\t\t\t<dt class='gallery-icon portrait'>\n\t\t\t\t<a href='https:\/\/portesdesiris.ch\/en\/portes-des-iris-soiree-entreprise-2\/'><img loading=\"lazy\" decoding=\"async\" width=\"768\" height=\"1024\" src=\"https:\/\/portesdesiris.ch\/wp-content\/uploads\/2020\/09\/portes-des-iris-soiree-entreprise-768x1024.jpg\" class=\"attachment-large size-large\" alt=\"Soir\u00e9e entreprise aux Portes des Iris\" srcset=\"https:\/\/portesdesiris.ch\/wp-content\/uploads\/2020\/09\/portes-des-iris-soiree-entreprise-768x1024.jpg 768w, https:\/\/portesdesiris.ch\/wp-content\/uploads\/2020\/09\/portes-des-iris-soiree-entreprise-225x300.jpg 225w, https:\/\/portesdesiris.ch\/wp-content\/uploads\/2020\/09\/portes-des-iris-soiree-entreprise.jpg 1000w\" sizes=\"auto, (max-width: 768px) 100vw, 768px\" \/><\/a>\n\t\t\t<\/dt><\/dl><br style=\"clear: both\" \/>\n\t\t<\/div>\n\n<p>A teambuilding activity in our gardens, a picnic in the park in small groups scattered throughout our vast estate, a guided tour of the sculptures &amp; gardens in small numbers, a wine tasting in the courtyard of the Ch\u00e2teau or in our historic cellar, workshops on our terraces under our large sunshades and tents, &#8230;<\/p>\n<h4># creativity and novelty in activities<\/h4>\n<p>Imagining new ways to find each other, to exchange and to recreate links while keeping the distance. We have thought about new cohesion activities that can take place outside in most cases, but also inside, while respecting social distances.<\/p>\n\n\t\t<style type=\"text\/css\">\n\t\t\t#gallery-2 {\n\t\t\t\tmargin: auto;\n\t\t\t}\n\t\t\t#gallery-2 .gallery-item {\n\t\t\t\tfloat: left;\n\t\t\t\tmargin-top: 10px;\n\t\t\t\ttext-align: center;\n\t\t\t\twidth: 50%;\n\t\t\t}\n\t\t\t#gallery-2 img {\n\t\t\t\tborder: 2px solid #cfcfcf;\n\t\t\t}\n\t\t\t#gallery-2 .gallery-caption {\n\t\t\t\tmargin-left: 0;\n\t\t\t}\n\t\t\t\/* see gallery_shortcode() in wp-includes\/media.php *\/\n\t\t<\/style>\n\t\t<div id='gallery-2' class='gallery galleryid-11622 gallery-columns-2 gallery-size-full'><dl class='gallery-item'>\n\t\t\t<dt class='gallery-icon portrait'>\n\t\t\t\t<a href='https:\/\/portesdesiris.ch\/en\/organize-an-event-in-the-post-confinement-period-our-reflections-as-event-professionals-and-our-tips\/portes-des-iris-teambuilding-tiny-garden-2\/'><img loading=\"lazy\" decoding=\"async\" width=\"1000\" height=\"1333\" src=\"https:\/\/portesdesiris.ch\/wp-content\/uploads\/2020\/09\/portes-des-iris-teambuilding-tiny-garden.jpg\" class=\"attachment-full size-full\" alt=\"Teambuilding Tiny Garden aux Portes des Iris\" srcset=\"https:\/\/portesdesiris.ch\/wp-content\/uploads\/2020\/09\/portes-des-iris-teambuilding-tiny-garden.jpg 1000w, https:\/\/portesdesiris.ch\/wp-content\/uploads\/2020\/09\/portes-des-iris-teambuilding-tiny-garden-225x300.jpg 225w, https:\/\/portesdesiris.ch\/wp-content\/uploads\/2020\/09\/portes-des-iris-teambuilding-tiny-garden-768x1024.jpg 768w\" sizes=\"auto, (max-width: 1000px) 100vw, 1000px\" \/><\/a>\n\t\t\t<\/dt><\/dl><dl class='gallery-item'>\n\t\t\t<dt class='gallery-icon landscape'>\n\t\t\t\t<a href='https:\/\/portesdesiris.ch\/en\/organize-an-event-in-the-post-confinement-period-our-reflections-as-event-professionals-and-our-tips\/portes-des-iris-teambuilding-2\/'><img loading=\"lazy\" decoding=\"async\" width=\"1000\" height=\"750\" src=\"https:\/\/portesdesiris.ch\/wp-content\/uploads\/2020\/09\/portes-des-iris-teambuilding.jpg\" class=\"attachment-full size-full\" alt=\"Teambuilding Tiny Garden aux Portes des Iris\" aria-describedby=\"gallery-2-11020\" srcset=\"https:\/\/portesdesiris.ch\/wp-content\/uploads\/2020\/09\/portes-des-iris-teambuilding.jpg 1000w, https:\/\/portesdesiris.ch\/wp-content\/uploads\/2020\/09\/portes-des-iris-teambuilding-300x225.jpg 300w, https:\/\/portesdesiris.ch\/wp-content\/uploads\/2020\/09\/portes-des-iris-teambuilding-768x576.jpg 768w\" sizes=\"auto, (max-width: 1000px) 100vw, 1000px\" \/><\/a>\n\t\t\t<\/dt>\n\t\t\t\t<dd class='wp-caption-text gallery-caption' id='gallery-2-11020'>\n\t\t\t\tGather together but keep your distance. Creation of a plant terrarium, a &#8220;back to basics&#8221; activity proposed by Tiny Garden\n\t\t\t\t<\/dd><\/dl><br style=\"clear: both\" \/>\n\t\t<\/div>\n\n\n\t\t<style type=\"text\/css\">\n\t\t\t#gallery-3 {\n\t\t\t\tmargin: auto;\n\t\t\t}\n\t\t\t#gallery-3 .gallery-item {\n\t\t\t\tfloat: left;\n\t\t\t\tmargin-top: 10px;\n\t\t\t\ttext-align: center;\n\t\t\t\twidth: 50%;\n\t\t\t}\n\t\t\t#gallery-3 img {\n\t\t\t\tborder: 2px solid #cfcfcf;\n\t\t\t}\n\t\t\t#gallery-3 .gallery-caption {\n\t\t\t\tmargin-left: 0;\n\t\t\t}\n\t\t\t\/* see gallery_shortcode() in wp-includes\/media.php *\/\n\t\t<\/style>\n\t\t<div id='gallery-3' class='gallery galleryid-11622 gallery-columns-2 gallery-size-full'><dl class='gallery-item'>\n\t\t\t<dt class='gallery-icon landscape'>\n\t\t\t\t<a href='https:\/\/portesdesiris.ch\/en\/portes-des-iris-cave-vin-2\/'><img loading=\"lazy\" decoding=\"async\" width=\"640\" height=\"480\" src=\"https:\/\/portesdesiris.ch\/wp-content\/uploads\/2020\/09\/portes-des-iris-cave-vin.jpg\" class=\"attachment-full size-full\" alt=\"D\u00e9gustation des vins du domaine dans une cave priv\u00e9 du ch\u00e2teau\" aria-describedby=\"gallery-3-11047\" srcset=\"https:\/\/portesdesiris.ch\/wp-content\/uploads\/2020\/09\/portes-des-iris-cave-vin.jpg 640w, https:\/\/portesdesiris.ch\/wp-content\/uploads\/2020\/09\/portes-des-iris-cave-vin-300x225.jpg 300w\" sizes=\"auto, (max-width: 640px) 100vw, 640px\" \/><\/a>\n\t\t\t<\/dt>\n\t\t\t\t<dd class='wp-caption-text gallery-caption' id='gallery-3-11047'>\n\t\t\t\tPrivate cellar of the Ch\u00e2teau reserved for tastings of the wines of the Domain\n\t\t\t\t<\/dd><\/dl><dl class='gallery-item'>\n\t\t\t<dt class='gallery-icon landscape'>\n\t\t\t\t<a href='https:\/\/portesdesiris.ch\/en\/portes-des-iris-degustation-vins-2\/'><img loading=\"lazy\" decoding=\"async\" width=\"640\" height=\"480\" src=\"https:\/\/portesdesiris.ch\/wp-content\/uploads\/2020\/09\/portes-des-iris-de\u0301gustation-vins.jpg\" class=\"attachment-full size-full\" alt=\"D\u00e9gustation des vins du domaine dans une cave priv\u00e9 du ch\u00e2teau\" aria-describedby=\"gallery-3-11050\" srcset=\"https:\/\/portesdesiris.ch\/wp-content\/uploads\/2020\/09\/portes-des-iris-de\u0301gustation-vins.jpg 640w, https:\/\/portesdesiris.ch\/wp-content\/uploads\/2020\/09\/portes-des-iris-de\u0301gustation-vins-300x225.jpg 300w\" sizes=\"auto, (max-width: 640px) 100vw, 640px\" \/><\/a>\n\t\t\t<\/dt>\n\t\t\t\t<dd class='wp-caption-text gallery-caption' id='gallery-3-11050'>\n\t\t\t\tPrivate cellar of the Ch\u00e2teau reserved for tastings of the wines of the Domain\n\t\t\t\t<\/dd><\/dl><br style=\"clear: both\" \/>\n\t\t<\/div>\n\n<h4><\/h4>\n<h4># space and natural airing<\/h4>\n<p>Sufficient space in height and width. 1000 m2 of rooms, including very large ones that can accommodate small groups with social distancing. We remain flexible in the spaces granted, adapting to your requirements. All our rooms have many windows that can be opened, the air conditioning is only turned on if the client wishes.<\/p>\n<p>Moreover, we extend our offer by proposing spaces adjoining the Ch\u00e2teau, such as the two historical cellars. The possibilities are therefore infinite and for all budgets.<\/p>\n<div id=\"attachment_10971\" style=\"width: 810px\" class=\"wp-caption aligncenter\"><img loading=\"lazy\" decoding=\"async\" aria-describedby=\"caption-attachment-10971\" class=\"wp-image-10971\" src=\"https:\/\/portesdesiris.ch\/wp-content\/uploads\/2020\/08\/IMG_1358-768x1024.jpg\" alt=\"salle de conf\u00e9rence avec distanciation sociale portes des iris\" width=\"800\" height=\"1067\" srcset=\"https:\/\/portesdesiris.ch\/wp-content\/uploads\/2020\/08\/IMG_1358-768x1024.jpg 768w, https:\/\/portesdesiris.ch\/wp-content\/uploads\/2020\/08\/IMG_1358-225x300.jpg 225w, https:\/\/portesdesiris.ch\/wp-content\/uploads\/2020\/08\/IMG_1358-1152x1536.jpg 1152w, https:\/\/portesdesiris.ch\/wp-content\/uploads\/2020\/08\/IMG_1358-1536x2048.jpg 1536w\" sizes=\"auto, (max-width: 800px) 100vw, 800px\" \/><p id=\"caption-attachment-10971\" class=\"wp-caption-text\">Apollo room &#8211; conference<\/p><\/div>\n<p>&nbsp;<\/p>\n<div id=\"attachment_9719\" style=\"width: 810px\" class=\"wp-caption aligncenter\"><img loading=\"lazy\" decoding=\"async\" aria-describedby=\"caption-attachment-9719\" class=\"wp-image-9719\" src=\"https:\/\/portesdesiris.ch\/wp-content\/uploads\/2016\/04\/Cave-Ch\u00e2teau-de-Vullierens3-1024x683.jpg\" alt=\"Cave du Ch\u00e2teau de Vullierens avec tonneaux\" width=\"800\" height=\"533\" srcset=\"https:\/\/portesdesiris.ch\/wp-content\/uploads\/2016\/04\/Cave-Ch\u00e2teau-de-Vullierens3-1024x683.jpg 1024w, https:\/\/portesdesiris.ch\/wp-content\/uploads\/2016\/04\/Cave-Ch\u00e2teau-de-Vullierens3-300x200.jpg 300w, https:\/\/portesdesiris.ch\/wp-content\/uploads\/2016\/04\/Cave-Ch\u00e2teau-de-Vullierens3-768x512.jpg 768w, https:\/\/portesdesiris.ch\/wp-content\/uploads\/2016\/04\/Cave-Ch\u00e2teau-de-Vullierens3.jpg 1500w\" sizes=\"auto, (max-width: 800px) 100vw, 800px\" \/><p id=\"caption-attachment-9719\" class=\"wp-caption-text\">New spaces available for your events. The vast historical cellar of the Ch\u00e2teau, among others.<\/p><\/div>\n<h4># hygiene and privatization of the premises<\/h4>\n<p>A maximum of two simultaneous events with separate entrances, separate bathrooms and changing rooms and fully private areas. As far as possible, we guarantee exclusivity of the premises, and our high standard of cleanliness has always been a priority.<\/p>\n<p>Our building is never accessible to the public, so the traceability of people is guaranteed.<\/p>\n<p>&nbsp;<\/p>\n<h3>New game rules<\/h3>\n<p>Confinement may have been perceived as a moment of pause for some. For event workers like us, it represents a period of evolution and learning. The opportunity to think about other ways to organize meetings, parties, events of all kinds. The opportunity to reinvent ourselves.<\/p>\n<h4># small groups<\/h4>\n<p>Imagine smaller gatherings, divide a large group into several sessions on consecutive days with the same concept: we will adapt our offer to your own needs. We can guarantee the current social distancing for conferences of up to 70 people without masks and up to 100 people in round tables in the same room. We adapt our rates to small groups, with no obligation to pay a privatization fee and offering competitive per person rates even in the evening.<\/p>\n<div id=\"attachment_11192\" style=\"width: 778px\" class=\"wp-caption aligncenter\"><img loading=\"lazy\" decoding=\"async\" aria-describedby=\"caption-attachment-11192\" class=\"wp-image-11192\" src=\"https:\/\/portesdesiris.ch\/wp-content\/uploads\/2020\/09\/portes-des-iris-salle-banquet.jpg\" alt=\"\" width=\"768\" height=\"576\" srcset=\"https:\/\/portesdesiris.ch\/wp-content\/uploads\/2020\/09\/portes-des-iris-salle-banquet.jpg 1000w, https:\/\/portesdesiris.ch\/wp-content\/uploads\/2020\/09\/portes-des-iris-salle-banquet-300x225.jpg 300w, https:\/\/portesdesiris.ch\/wp-content\/uploads\/2020\/09\/portes-des-iris-salle-banquet-768x576.jpg 768w\" sizes=\"auto, (max-width: 768px) 100vw, 768px\" \/><p id=\"caption-attachment-11192\" class=\"wp-caption-text\">Iris room for banquet from 30 people<\/p><\/div>\n<h4># last minute and organisational flexibility<\/h4>\n<p>Planning an event in a very short period of time <em>thanks to our outstanding organizational support<\/em> is possible! We put you in contact with the best service providers and offer last minute postponing possibilities free of charge.<\/p>\n<h4># an adapted F&amp;B<\/h4>\n<p>Favour individual dishes while maintaining conviviality for this get-togethers. Our Terroir in individual tins will delight the palates of your guests. A selection of local products, three themes to take away in our gardens in small groups, to be enjoyed on our terrace or in one of our rooms while maintaining social distance. A plate service remains relevant in the respect of the sanitary constraints.<\/p>\n<p>&nbsp;<\/p>\n<div id=\"attachment_10974\" style=\"width: 778px\" class=\"wp-caption aligncenter\"><img loading=\"lazy\" decoding=\"async\" aria-describedby=\"caption-attachment-10974\" class=\"wp-image-10974 size-large\" src=\"https:\/\/portesdesiris.ch\/wp-content\/uploads\/2020\/08\/picnic-in-the-park-768x1024.jpg\" alt=\"lunch box pique nique sur la terrasse de Portes des Iris\" width=\"768\" height=\"1024\" srcset=\"https:\/\/portesdesiris.ch\/wp-content\/uploads\/2020\/08\/picnic-in-the-park-768x1024.jpg 768w, https:\/\/portesdesiris.ch\/wp-content\/uploads\/2020\/08\/picnic-in-the-park-225x300.jpg 225w, https:\/\/portesdesiris.ch\/wp-content\/uploads\/2020\/08\/picnic-in-the-park.jpg 1000w\" sizes=\"auto, (max-width: 768px) 100vw, 768px\" \/><p id=\"caption-attachment-10974\" class=\"wp-caption-text\">Terroir picnic<\/p><\/div>\n\n\t\t<style type=\"text\/css\">\n\t\t\t#gallery-4 {\n\t\t\t\tmargin: auto;\n\t\t\t}\n\t\t\t#gallery-4 .gallery-item {\n\t\t\t\tfloat: left;\n\t\t\t\tmargin-top: 10px;\n\t\t\t\ttext-align: center;\n\t\t\t\twidth: 50%;\n\t\t\t}\n\t\t\t#gallery-4 img {\n\t\t\t\tborder: 2px solid #cfcfcf;\n\t\t\t}\n\t\t\t#gallery-4 .gallery-caption {\n\t\t\t\tmargin-left: 0;\n\t\t\t}\n\t\t\t\/* see gallery_shortcode() in wp-includes\/media.php *\/\n\t\t<\/style>\n\t\t<div id='gallery-4' class='gallery galleryid-11622 gallery-columns-2 gallery-size-full'><dl class='gallery-item'>\n\t\t\t<dt class='gallery-icon portrait'>\n\t\t\t\t<a href='https:\/\/portesdesiris.ch\/en\/portes-des-iris-traiteur-3-2\/'><img loading=\"lazy\" decoding=\"async\" width=\"480\" height=\"640\" src=\"https:\/\/portesdesiris.ch\/wp-content\/uploads\/2020\/09\/portes-des-iris-traiteur-1.jpg\" class=\"attachment-full size-full\" alt=\"service traiteur aux portes des iris covid\" aria-describedby=\"gallery-4-11056\" srcset=\"https:\/\/portesdesiris.ch\/wp-content\/uploads\/2020\/09\/portes-des-iris-traiteur-1.jpg 480w, https:\/\/portesdesiris.ch\/wp-content\/uploads\/2020\/09\/portes-des-iris-traiteur-1-225x300.jpg 225w\" sizes=\"auto, (max-width: 480px) 100vw, 480px\" \/><\/a>\n\t\t\t<\/dt>\n\t\t\t\t<dd class='wp-caption-text gallery-caption' id='gallery-4-11056'>\n\t\t\t\tCinq Sens &#8211; Caterer\n\t\t\t\t<\/dd><\/dl><dl class='gallery-item'>\n\t\t\t<dt class='gallery-icon portrait'>\n\t\t\t\t<a href='https:\/\/portesdesiris.ch\/en\/portes-des-iris-traiteur-2-2\/'><img loading=\"lazy\" decoding=\"async\" width=\"480\" height=\"640\" src=\"https:\/\/portesdesiris.ch\/wp-content\/uploads\/2020\/09\/portes-des-iris-traiteur.jpg\" class=\"attachment-full size-full\" alt=\"service traiteur aux portes des iris covid\" aria-describedby=\"gallery-4-11053\" srcset=\"https:\/\/portesdesiris.ch\/wp-content\/uploads\/2020\/09\/portes-des-iris-traiteur.jpg 480w, https:\/\/portesdesiris.ch\/wp-content\/uploads\/2020\/09\/portes-des-iris-traiteur-225x300.jpg 225w\" sizes=\"auto, (max-width: 480px) 100vw, 480px\" \/><\/a>\n\t\t\t<\/dt>\n\t\t\t\t<dd class='wp-caption-text gallery-caption' id='gallery-4-11053'>\n\t\t\t\tCinq Sens &#8211; Caterer\n\t\t\t\t<\/dd><\/dl><br style=\"clear: both\" \/>\n\t\t<\/div>\n\n<h4># protection accessories<\/h4>\n<p>Provide masks, why not personalized for the occasion, in fabric or plexi, and bottles of personal sanitisers.<\/p>\n<p><img loading=\"lazy\" decoding=\"async\" class=\"aligncenter wp-image-11011\" src=\"https:\/\/portesdesiris.ch\/wp-content\/uploads\/2020\/09\/portes-des-iris-desinfectant-1.jpg\" alt=\"protection covid portes des iris\" width=\"768\" height=\"576\" \/><\/p>\n<p>Like many event professionals around the world, we have witnessed the disruptions associated with the epidemic. The possibility of resuming events in Switzerland for up to 300 people at the beginning of June was a relief for us, but it also brought us new constraints linked to sanitary imperatives, but also to those of our clients.\u00a0As usual, we remain very flexible and attentive to your requirements. We know how to be reactive and creative,\u00a0<a href=\"mailto: info@portesdesiris.ch\">tell us about your project and we will make you our best offer<\/a>.<\/p>\n<p>Sophie Bertorelli &#8211; September 2020<\/p>\n","protected":false},"excerpt":{"rendered":"<p>You are in charge of organizing conferences, department parties or other meetings of employees or customers and you wonder about the best options to consider in this period of social distancing? Between events involving several dozen or hundreds of employees and teleworking, there are many possibilities available to you. After weeks of confinement which imposed [&hellip;]<\/p>\n","protected":false},"author":6,"featured_media":11023,"comment_status":"open","ping_status":"open","sticky":true,"template":"","format":"standard","meta":{"_acf_changed":false,"footnotes":""},"categories":[71,44,108,105,99,94],"tags":[],"class_list":["post-11622","post","type-post","status-publish","format-standard","has-post-thumbnail","hentry","category-activites-et-teambuilding-en","category-blog","category-companies-en","category-evenements-en","category-histoire-du-domaine-en","category-jardins-des-iris-en"],"acf":[],"yoast_head":"<!-- This site is optimized with the Yoast SEO plugin v26.7 - https:\/\/yoast.com\/wordpress\/plugins\/seo\/ -->\n<title>Organize an event in the post-confinement period. Our reflections as event professionals and our tips. - Portes des Iris<\/title>\n<meta name=\"robots\" content=\"index, follow, max-snippet:-1, max-image-preview:large, max-video-preview:-1\" \/>\n<link rel=\"canonical\" href=\"https:\/\/portesdesiris.ch\/en\/organize-an-event-in-the-post-confinement-period-our-reflections-as-event-professionals-and-our-tips\/\" \/>\n<meta property=\"og:locale\" content=\"en_US\" \/>\n<meta property=\"og:type\" content=\"article\" \/>\n<meta property=\"og:title\" content=\"Organize an event in the post-confinement period. Our reflections as event professionals and our tips. - Portes des Iris\" \/>\n<meta property=\"og:description\" content=\"You are in charge of organizing conferences, department parties or other meetings of employees or customers and you wonder about the best options to consider in this period of social distancing? Between events involving several dozen or hundreds of employees and teleworking, there are many possibilities available to you. After weeks of confinement which imposed [&hellip;]\" \/>\n<meta property=\"og:url\" content=\"https:\/\/portesdesiris.ch\/en\/organize-an-event-in-the-post-confinement-period-our-reflections-as-event-professionals-and-our-tips\/\" \/>\n<meta property=\"og:site_name\" content=\"Portes des Iris\" \/>\n<meta property=\"article:publisher\" content=\"https:\/\/www.facebook.com\/portesdesiris\/\" \/>\n<meta property=\"article:published_time\" content=\"2020-11-05T09:51:47+00:00\" \/>\n<meta property=\"og:image\" content=\"https:\/\/portesdesiris.ch\/wp-content\/uploads\/2020\/09\/portes-des-iris-slack-line-teambuilding.jpg\" \/>\n\t<meta property=\"og:image:width\" content=\"1000\" \/>\n\t<meta property=\"og:image:height\" content=\"563\" \/>\n\t<meta property=\"og:image:type\" content=\"image\/jpeg\" \/>\n<meta name=\"author\" content=\"Portes des Iris\" \/>\n<meta name=\"twitter:card\" content=\"summary_large_image\" \/>\n<meta name=\"twitter:label1\" content=\"Written by\" \/>\n\t<meta name=\"twitter:data1\" content=\"Portes des Iris\" \/>\n\t<meta name=\"twitter:label2\" content=\"Est. reading time\" \/>\n\t<meta name=\"twitter:data2\" content=\"4 minutes\" \/>\n<script type=\"application\/ld+json\" class=\"yoast-schema-graph\">{\"@context\":\"https:\/\/schema.org\",\"@graph\":[{\"@type\":\"Article\",\"@id\":\"https:\/\/portesdesiris.ch\/en\/organize-an-event-in-the-post-confinement-period-our-reflections-as-event-professionals-and-our-tips\/#article\",\"isPartOf\":{\"@id\":\"https:\/\/portesdesiris.ch\/en\/organize-an-event-in-the-post-confinement-period-our-reflections-as-event-professionals-and-our-tips\/\"},\"author\":{\"name\":\"Portes des Iris\",\"@id\":\"https:\/\/portesdesiris.ch\/de\/#\/schema\/person\/1fec589d003851c4ffe308e8071bffeb\"},\"headline\":\"Organize an event in the post-confinement period. Our reflections as event professionals and our tips.\",\"datePublished\":\"2020-11-05T09:51:47+00:00\",\"mainEntityOfPage\":{\"@id\":\"https:\/\/portesdesiris.ch\/en\/organize-an-event-in-the-post-confinement-period-our-reflections-as-event-professionals-and-our-tips\/\"},\"wordCount\":886,\"commentCount\":0,\"image\":{\"@id\":\"https:\/\/portesdesiris.ch\/en\/organize-an-event-in-the-post-confinement-period-our-reflections-as-event-professionals-and-our-tips\/#primaryimage\"},\"thumbnailUrl\":\"https:\/\/portesdesiris.ch\/wp-content\/uploads\/2020\/09\/portes-des-iris-slack-line-teambuilding.jpg\",\"articleSection\":[\"Activit\u00e9s et teambuilding\",\"Blog\",\"Entreprises\",\"Ev\u00e9nements\",\"Histoire du Domaine\",\"Jardins des Iris\"],\"inLanguage\":\"en-US\",\"potentialAction\":[{\"@type\":\"CommentAction\",\"name\":\"Comment\",\"target\":[\"https:\/\/portesdesiris.ch\/en\/organize-an-event-in-the-post-confinement-period-our-reflections-as-event-professionals-and-our-tips\/#respond\"]}]},{\"@type\":\"WebPage\",\"@id\":\"https:\/\/portesdesiris.ch\/en\/organize-an-event-in-the-post-confinement-period-our-reflections-as-event-professionals-and-our-tips\/\",\"url\":\"https:\/\/portesdesiris.ch\/en\/organize-an-event-in-the-post-confinement-period-our-reflections-as-event-professionals-and-our-tips\/\",\"name\":\"Organize an event in the post-confinement period. Our reflections as event professionals and our tips. - Portes des Iris\",\"isPartOf\":{\"@id\":\"https:\/\/portesdesiris.ch\/de\/#website\"},\"primaryImageOfPage\":{\"@id\":\"https:\/\/portesdesiris.ch\/en\/organize-an-event-in-the-post-confinement-period-our-reflections-as-event-professionals-and-our-tips\/#primaryimage\"},\"image\":{\"@id\":\"https:\/\/portesdesiris.ch\/en\/organize-an-event-in-the-post-confinement-period-our-reflections-as-event-professionals-and-our-tips\/#primaryimage\"},\"thumbnailUrl\":\"https:\/\/portesdesiris.ch\/wp-content\/uploads\/2020\/09\/portes-des-iris-slack-line-teambuilding.jpg\",\"datePublished\":\"2020-11-05T09:51:47+00:00\",\"author\":{\"@id\":\"https:\/\/portesdesiris.ch\/de\/#\/schema\/person\/1fec589d003851c4ffe308e8071bffeb\"},\"breadcrumb\":{\"@id\":\"https:\/\/portesdesiris.ch\/en\/organize-an-event-in-the-post-confinement-period-our-reflections-as-event-professionals-and-our-tips\/#breadcrumb\"},\"inLanguage\":\"en-US\",\"potentialAction\":[{\"@type\":\"ReadAction\",\"target\":[\"https:\/\/portesdesiris.ch\/en\/organize-an-event-in-the-post-confinement-period-our-reflections-as-event-professionals-and-our-tips\/\"]}]},{\"@type\":\"ImageObject\",\"inLanguage\":\"en-US\",\"@id\":\"https:\/\/portesdesiris.ch\/en\/organize-an-event-in-the-post-confinement-period-our-reflections-as-event-professionals-and-our-tips\/#primaryimage\",\"url\":\"https:\/\/portesdesiris.ch\/wp-content\/uploads\/2020\/09\/portes-des-iris-slack-line-teambuilding.jpg\",\"contentUrl\":\"https:\/\/portesdesiris.ch\/wp-content\/uploads\/2020\/09\/portes-des-iris-slack-line-teambuilding.jpg\",\"width\":1000,\"height\":563},{\"@type\":\"BreadcrumbList\",\"@id\":\"https:\/\/portesdesiris.ch\/en\/organize-an-event-in-the-post-confinement-period-our-reflections-as-event-professionals-and-our-tips\/#breadcrumb\",\"itemListElement\":[{\"@type\":\"ListItem\",\"position\":1,\"name\":\"Accueil\",\"item\":\"https:\/\/portesdesiris.ch\/en\/\"},{\"@type\":\"ListItem\",\"position\":2,\"name\":\"Organize an event in the post-confinement period. Our reflections as event professionals and our tips.\"}]},{\"@type\":\"WebSite\",\"@id\":\"https:\/\/portesdesiris.ch\/de\/#website\",\"url\":\"https:\/\/portesdesiris.ch\/de\/\",\"name\":\"Portes des Iris\",\"description\":\"\",\"potentialAction\":[{\"@type\":\"SearchAction\",\"target\":{\"@type\":\"EntryPoint\",\"urlTemplate\":\"https:\/\/portesdesiris.ch\/de\/?s={search_term_string}\"},\"query-input\":{\"@type\":\"PropertyValueSpecification\",\"valueRequired\":true,\"valueName\":\"search_term_string\"}}],\"inLanguage\":\"en-US\"},{\"@type\":\"Person\",\"@id\":\"https:\/\/portesdesiris.ch\/de\/#\/schema\/person\/1fec589d003851c4ffe308e8071bffeb\",\"name\":\"Portes des Iris\",\"image\":{\"@type\":\"ImageObject\",\"inLanguage\":\"en-US\",\"@id\":\"https:\/\/portesdesiris.ch\/de\/#\/schema\/person\/image\/\",\"url\":\"https:\/\/secure.gravatar.com\/avatar\/130218f921c4cc9c452a947ae622f180eddde80d56f659695eaebe8acade8074?s=96&d=mm&r=g\",\"contentUrl\":\"https:\/\/secure.gravatar.com\/avatar\/130218f921c4cc9c452a947ae622f180eddde80d56f659695eaebe8acade8074?s=96&d=mm&r=g\",\"caption\":\"Portes des Iris\"},\"url\":\"https:\/\/portesdesiris.ch\/en\/author\/portesdesiris\/\"}]}<\/script>\n<!-- \/ Yoast SEO plugin. -->","yoast_head_json":{"title":"Organize an event in the post-confinement period. Our reflections as event professionals and our tips. - Portes des Iris","robots":{"index":"index","follow":"follow","max-snippet":"max-snippet:-1","max-image-preview":"max-image-preview:large","max-video-preview":"max-video-preview:-1"},"canonical":"https:\/\/portesdesiris.ch\/en\/organize-an-event-in-the-post-confinement-period-our-reflections-as-event-professionals-and-our-tips\/","og_locale":"en_US","og_type":"article","og_title":"Organize an event in the post-confinement period. Our reflections as event professionals and our tips. - Portes des Iris","og_description":"You are in charge of organizing conferences, department parties or other meetings of employees or customers and you wonder about the best options to consider in this period of social distancing? Between events involving several dozen or hundreds of employees and teleworking, there are many possibilities available to you. After weeks of confinement which imposed [&hellip;]","og_url":"https:\/\/portesdesiris.ch\/en\/organize-an-event-in-the-post-confinement-period-our-reflections-as-event-professionals-and-our-tips\/","og_site_name":"Portes des Iris","article_publisher":"https:\/\/www.facebook.com\/portesdesiris\/","article_published_time":"2020-11-05T09:51:47+00:00","og_image":[{"width":1000,"height":563,"url":"https:\/\/portesdesiris.ch\/wp-content\/uploads\/2020\/09\/portes-des-iris-slack-line-teambuilding.jpg","type":"image\/jpeg"}],"author":"Portes des Iris","twitter_card":"summary_large_image","twitter_misc":{"Written by":"Portes des Iris","Est. reading time":"4 minutes"},"schema":{"@context":"https:\/\/schema.org","@graph":[{"@type":"Article","@id":"https:\/\/portesdesiris.ch\/en\/organize-an-event-in-the-post-confinement-period-our-reflections-as-event-professionals-and-our-tips\/#article","isPartOf":{"@id":"https:\/\/portesdesiris.ch\/en\/organize-an-event-in-the-post-confinement-period-our-reflections-as-event-professionals-and-our-tips\/"},"author":{"name":"Portes des Iris","@id":"https:\/\/portesdesiris.ch\/de\/#\/schema\/person\/1fec589d003851c4ffe308e8071bffeb"},"headline":"Organize an event in the post-confinement period. Our reflections as event professionals and our tips.","datePublished":"2020-11-05T09:51:47+00:00","mainEntityOfPage":{"@id":"https:\/\/portesdesiris.ch\/en\/organize-an-event-in-the-post-confinement-period-our-reflections-as-event-professionals-and-our-tips\/"},"wordCount":886,"commentCount":0,"image":{"@id":"https:\/\/portesdesiris.ch\/en\/organize-an-event-in-the-post-confinement-period-our-reflections-as-event-professionals-and-our-tips\/#primaryimage"},"thumbnailUrl":"https:\/\/portesdesiris.ch\/wp-content\/uploads\/2020\/09\/portes-des-iris-slack-line-teambuilding.jpg","articleSection":["Activit\u00e9s et teambuilding","Blog","Entreprises","Ev\u00e9nements","Histoire du Domaine","Jardins des Iris"],"inLanguage":"en-US","potentialAction":[{"@type":"CommentAction","name":"Comment","target":["https:\/\/portesdesiris.ch\/en\/organize-an-event-in-the-post-confinement-period-our-reflections-as-event-professionals-and-our-tips\/#respond"]}]},{"@type":"WebPage","@id":"https:\/\/portesdesiris.ch\/en\/organize-an-event-in-the-post-confinement-period-our-reflections-as-event-professionals-and-our-tips\/","url":"https:\/\/portesdesiris.ch\/en\/organize-an-event-in-the-post-confinement-period-our-reflections-as-event-professionals-and-our-tips\/","name":"Organize an event in the post-confinement period. Our reflections as event professionals and our tips. - Portes des Iris","isPartOf":{"@id":"https:\/\/portesdesiris.ch\/de\/#website"},"primaryImageOfPage":{"@id":"https:\/\/portesdesiris.ch\/en\/organize-an-event-in-the-post-confinement-period-our-reflections-as-event-professionals-and-our-tips\/#primaryimage"},"image":{"@id":"https:\/\/portesdesiris.ch\/en\/organize-an-event-in-the-post-confinement-period-our-reflections-as-event-professionals-and-our-tips\/#primaryimage"},"thumbnailUrl":"https:\/\/portesdesiris.ch\/wp-content\/uploads\/2020\/09\/portes-des-iris-slack-line-teambuilding.jpg","datePublished":"2020-11-05T09:51:47+00:00","author":{"@id":"https:\/\/portesdesiris.ch\/de\/#\/schema\/person\/1fec589d003851c4ffe308e8071bffeb"},"breadcrumb":{"@id":"https:\/\/portesdesiris.ch\/en\/organize-an-event-in-the-post-confinement-period-our-reflections-as-event-professionals-and-our-tips\/#breadcrumb"},"inLanguage":"en-US","potentialAction":[{"@type":"ReadAction","target":["https:\/\/portesdesiris.ch\/en\/organize-an-event-in-the-post-confinement-period-our-reflections-as-event-professionals-and-our-tips\/"]}]},{"@type":"ImageObject","inLanguage":"en-US","@id":"https:\/\/portesdesiris.ch\/en\/organize-an-event-in-the-post-confinement-period-our-reflections-as-event-professionals-and-our-tips\/#primaryimage","url":"https:\/\/portesdesiris.ch\/wp-content\/uploads\/2020\/09\/portes-des-iris-slack-line-teambuilding.jpg","contentUrl":"https:\/\/portesdesiris.ch\/wp-content\/uploads\/2020\/09\/portes-des-iris-slack-line-teambuilding.jpg","width":1000,"height":563},{"@type":"BreadcrumbList","@id":"https:\/\/portesdesiris.ch\/en\/organize-an-event-in-the-post-confinement-period-our-reflections-as-event-professionals-and-our-tips\/#breadcrumb","itemListElement":[{"@type":"ListItem","position":1,"name":"Accueil","item":"https:\/\/portesdesiris.ch\/en\/"},{"@type":"ListItem","position":2,"name":"Organize an event in the post-confinement period. Our reflections as event professionals and our tips."}]},{"@type":"WebSite","@id":"https:\/\/portesdesiris.ch\/de\/#website","url":"https:\/\/portesdesiris.ch\/de\/","name":"Portes des Iris","description":"","potentialAction":[{"@type":"SearchAction","target":{"@type":"EntryPoint","urlTemplate":"https:\/\/portesdesiris.ch\/de\/?s={search_term_string}"},"query-input":{"@type":"PropertyValueSpecification","valueRequired":true,"valueName":"search_term_string"}}],"inLanguage":"en-US"},{"@type":"Person","@id":"https:\/\/portesdesiris.ch\/de\/#\/schema\/person\/1fec589d003851c4ffe308e8071bffeb","name":"Portes des Iris","image":{"@type":"ImageObject","inLanguage":"en-US","@id":"https:\/\/portesdesiris.ch\/de\/#\/schema\/person\/image\/","url":"https:\/\/secure.gravatar.com\/avatar\/130218f921c4cc9c452a947ae622f180eddde80d56f659695eaebe8acade8074?s=96&d=mm&r=g","contentUrl":"https:\/\/secure.gravatar.com\/avatar\/130218f921c4cc9c452a947ae622f180eddde80d56f659695eaebe8acade8074?s=96&d=mm&r=g","caption":"Portes des Iris"},"url":"https:\/\/portesdesiris.ch\/en\/author\/portesdesiris\/"}]}},"_links":{"self":[{"href":"https:\/\/portesdesiris.ch\/en\/wp-json\/wp\/v2\/posts\/11622","targetHints":{"allow":["GET"]}}],"collection":[{"href":"https:\/\/portesdesiris.ch\/en\/wp-json\/wp\/v2\/posts"}],"about":[{"href":"https:\/\/portesdesiris.ch\/en\/wp-json\/wp\/v2\/types\/post"}],"author":[{"embeddable":true,"href":"https:\/\/portesdesiris.ch\/en\/wp-json\/wp\/v2\/users\/6"}],"replies":[{"embeddable":true,"href":"https:\/\/portesdesiris.ch\/en\/wp-json\/wp\/v2\/comments?post=11622"}],"version-history":[{"count":0,"href":"https:\/\/portesdesiris.ch\/en\/wp-json\/wp\/v2\/posts\/11622\/revisions"}],"wp:featuredmedia":[{"embeddable":true,"href":"https:\/\/portesdesiris.ch\/en\/wp-json\/wp\/v2\/media\/11023"}],"wp:attachment":[{"href":"https:\/\/portesdesiris.ch\/en\/wp-json\/wp\/v2\/media?parent=11622"}],"wp:term":[{"taxonomy":"category","embeddable":true,"href":"https:\/\/portesdesiris.ch\/en\/wp-json\/wp\/v2\/categories?post=11622"},{"taxonomy":"post_tag","embeddable":true,"href":"https:\/\/portesdesiris.ch\/en\/wp-json\/wp\/v2\/tags?post=11622"}],"curies":[{"name":"wp","href":"https:\/\/api.w.org\/{rel}","templated":true}]}}