{"id":9949,"date":"2020-04-15T13:04:15","date_gmt":"2020-04-15T11:04:15","guid":{"rendered":"https:\/\/portesdesiris.ch\/?p=9949"},"modified":"2025-01-23T10:29:31","modified_gmt":"2025-01-23T09:29:31","slug":"notre-grange-cote-cour-un-decor-rustique-chic-tres-tendance","status":"publish","type":"post","link":"https:\/\/portesdesiris.ch\/de\/notre-grange-cote-cour-un-decor-rustique-chic-tres-tendance\/","title":{"rendered":"Notre Grange c\u00f4t\u00e9 cour &#8211; Un d\u00e9cor rustique chic tr\u00e8s tendance"},"content":{"rendered":"<p>Alors que les jardins et ses terrasses au sud et sud-ouest de Portes des Iris restent les ext\u00e9rieurs les plus reconnus du lieu, le c\u00f4t\u00e9 Cour du B\u00e2timent principal offre, sans conteste, une opportunit\u00e9 \u00e9v\u00e9nementielle suppl\u00e9mentaire et originale.<\/p>\n<p>Le c\u00f4t\u00e9 rustique de la b\u00e2tisse, faite de vieux bois, est devenu un atout majeur des mariages optant pour une th\u00e9matique champ\u00eatre &#8211; chic. La boh\u00e8me y est reine le temps d&#8217;une c\u00e9r\u00e9monie la\u00efque ou d&#8217;un ap\u00e9ritif automnal.<\/p>\n<div id=\"attachment_10172\" style=\"width: 810px\" class=\"wp-caption aligncenter\"><img loading=\"lazy\" decoding=\"async\" aria-describedby=\"caption-attachment-10172\" class=\"wp-image-10172 size-full\" src=\"https:\/\/portesdesiris.ch\/wp-content\/uploads\/2020\/04\/portes-des-iris-hangar-mariage.jpg\" alt=\"\" width=\"800\" height=\"600\" srcset=\"https:\/\/portesdesiris.ch\/wp-content\/uploads\/2020\/04\/portes-des-iris-hangar-mariage.jpg 800w, https:\/\/portesdesiris.ch\/wp-content\/uploads\/2020\/04\/portes-des-iris-hangar-mariage-300x225.jpg 300w, https:\/\/portesdesiris.ch\/wp-content\/uploads\/2020\/04\/portes-des-iris-hangar-mariage-768x576.jpg 768w\" sizes=\"auto, (max-width: 800px) 100vw, 800px\" \/><p id=\"caption-attachment-10172\" class=\"wp-caption-text\">C\u00e9r\u00e9monie de mariage boh\u00e8me sous la Grange, photo par Marie Montibert<\/p><\/div>\n<p>Les mariages hivernaux ont le vent en poupe en particulier aux Portes des Iris qui sait r\u00e9chauffer les coeurs \u00e0 la lumi\u00e8re de ses chandelles ou au coin de sa chemin\u00e9e. L&#8217;importance du d\u00e9cor des photos de couple demeure et notre Grange est un espace qui s&#8217;adapte \u00e0 toutes les audaces et qui m\u00eame, \u00e0 la belle saison, permet des sc\u00e9narios photog\u00e9niques.<\/p>\n\n\t\t<style type=\"text\/css\">\n\t\t\t#gallery-1 {\n\t\t\t\tmargin: auto;\n\t\t\t}\n\t\t\t#gallery-1 .gallery-item {\n\t\t\t\tfloat: left;\n\t\t\t\tmargin-top: 10px;\n\t\t\t\ttext-align: center;\n\t\t\t\twidth: 50%;\n\t\t\t}\n\t\t\t#gallery-1 img {\n\t\t\t\tborder: 2px solid #cfcfcf;\n\t\t\t}\n\t\t\t#gallery-1 .gallery-caption {\n\t\t\t\tmargin-left: 0;\n\t\t\t}\n\t\t\t\/* see gallery_shortcode() in wp-includes\/media.php *\/\n\t\t<\/style>\n\t\t<div id='gallery-1' class='gallery galleryid-9949 gallery-columns-2 gallery-size-medium'><dl class='gallery-item'>\n\t\t\t<dt class='gallery-icon portrait'>\n\t\t\t\t<a href='https:\/\/portesdesiris.ch\/de\/portes-des-iris-hangar12-2-2\/'><img loading=\"lazy\" decoding=\"async\" width=\"225\" height=\"300\" src=\"https:\/\/portesdesiris.ch\/wp-content\/uploads\/2020\/04\/portes-des-iris-hangar12-1-225x300.jpg\" class=\"attachment-medium size-medium\" alt=\"\" srcset=\"https:\/\/portesdesiris.ch\/wp-content\/uploads\/2020\/04\/portes-des-iris-hangar12-1-225x300.jpg 225w, https:\/\/portesdesiris.ch\/wp-content\/uploads\/2020\/04\/portes-des-iris-hangar12-1.jpg 750w\" sizes=\"auto, (max-width: 225px) 100vw, 225px\" \/><\/a>\n\t\t\t<\/dt><\/dl><dl class='gallery-item'>\n\t\t\t<dt class='gallery-icon portrait'>\n\t\t\t\t<a href='https:\/\/portesdesiris.ch\/de\/portes-des-iris-mariage-6-2-2\/'><img loading=\"lazy\" decoding=\"async\" width=\"204\" height=\"300\" src=\"https:\/\/portesdesiris.ch\/wp-content\/uploads\/2019\/12\/portes-des-iris-mariage-6-1-204x300.jpeg\" class=\"attachment-medium size-medium\" alt=\"mari\u00e9s devant Portes des Iris, photo sur une balan\u00e7oire\" aria-describedby=\"gallery-1-8127\" srcset=\"https:\/\/portesdesiris.ch\/wp-content\/uploads\/2019\/12\/portes-des-iris-mariage-6-1-204x300.jpeg 204w, https:\/\/portesdesiris.ch\/wp-content\/uploads\/2019\/12\/portes-des-iris-mariage-6-1-696x1024.jpeg 696w, https:\/\/portesdesiris.ch\/wp-content\/uploads\/2019\/12\/portes-des-iris-mariage-6-1-768x1129.jpeg 768w, https:\/\/portesdesiris.ch\/wp-content\/uploads\/2019\/12\/portes-des-iris-mariage-6-1-1045x1536.jpeg 1045w, https:\/\/portesdesiris.ch\/wp-content\/uploads\/2019\/12\/portes-des-iris-mariage-6-1-1393x2048.jpeg 1393w, https:\/\/portesdesiris.ch\/wp-content\/uploads\/2019\/12\/portes-des-iris-mariage-6-1.jpeg 1306w\" sizes=\"auto, (max-width: 204px) 100vw, 204px\" \/><\/a>\n\t\t\t<\/dt>\n\t\t\t\t<dd class='wp-caption-text gallery-caption' id='gallery-1-8127'>\n\t\t\t\tPhoto : Vincent Hofer\n\t\t\t\t<\/dd><\/dl><br style=\"clear: both\" \/>\n\t\t<\/div>\n\n<div id=\"attachment_10035\" style=\"width: 810px\" class=\"wp-caption aligncenter\"><img loading=\"lazy\" decoding=\"async\" aria-describedby=\"caption-attachment-10035\" class=\"wp-image-10035\" src=\"https:\/\/portesdesiris.ch\/wp-content\/uploads\/2020\/04\/portes-des-iris-hangar03-2.jpg\" alt=\"\" width=\"800\" height=\"534\" srcset=\"https:\/\/portesdesiris.ch\/wp-content\/uploads\/2020\/04\/portes-des-iris-hangar03-2.jpg 1000w, https:\/\/portesdesiris.ch\/wp-content\/uploads\/2020\/04\/portes-des-iris-hangar03-2-300x200.jpg 300w, https:\/\/portesdesiris.ch\/wp-content\/uploads\/2020\/04\/portes-des-iris-hangar03-2-768x512.jpg 768w\" sizes=\"auto, (max-width: 800px) 100vw, 800px\" \/><p id=\"caption-attachment-10035\" class=\"wp-caption-text\">Gabriella Oswald<\/p><\/div>\n<p>Pour les \u00e9v\u00e9nements d&#8217;entreprises, les possibilit\u00e9s sont infinies. A l&#8217;accueil des invit\u00e9s, le c\u00f4t\u00e9 Cour du B\u00e2timent permet de marquer une pause dans le d\u00e9roulement des festivit\u00e9s; une premi\u00e8re partie officielle par exemple ou une animation donnant le tempo de la suite des r\u00e9jouissances.<\/p>\n<p><img loading=\"lazy\" decoding=\"async\" class=\"aligncenter wp-image-10032\" src=\"https:\/\/portesdesiris.ch\/wp-content\/uploads\/2020\/04\/portes-des-iris-hangar02-2.jpg\" alt=\"\" width=\"800\" height=\"534\" srcset=\"https:\/\/portesdesiris.ch\/wp-content\/uploads\/2020\/04\/portes-des-iris-hangar02-2.jpg 1000w, https:\/\/portesdesiris.ch\/wp-content\/uploads\/2020\/04\/portes-des-iris-hangar02-2-300x200.jpg 300w, https:\/\/portesdesiris.ch\/wp-content\/uploads\/2020\/04\/portes-des-iris-hangar02-2-768x512.jpg 768w\" sizes=\"auto, (max-width: 800px) 100vw, 800px\" \/><\/p>\n<p>Lors de soir\u00e9es de grande ampleur, l&#8217;espace peut accueillir un \u00e9v\u00e9nement au coeur de l&#8217;\u00e9v\u00e9nement et ainsi permettre une circulation entre les diff\u00e9rentes animations organis\u00e9es.<\/p>\n<div id=\"attachment_10029\" style=\"width: 810px\" class=\"wp-caption aligncenter\"><img loading=\"lazy\" decoding=\"async\" aria-describedby=\"caption-attachment-10029\" class=\"wp-image-10029\" src=\"https:\/\/portesdesiris.ch\/wp-content\/uploads\/2020\/04\/portes-des-iris-hangar01-2.jpg\" alt=\"\" width=\"800\" height=\"534\" srcset=\"https:\/\/portesdesiris.ch\/wp-content\/uploads\/2020\/04\/portes-des-iris-hangar01-2.jpg 1000w, https:\/\/portesdesiris.ch\/wp-content\/uploads\/2020\/04\/portes-des-iris-hangar01-2-300x200.jpg 300w, https:\/\/portesdesiris.ch\/wp-content\/uploads\/2020\/04\/portes-des-iris-hangar01-2-768x512.jpg 768w\" sizes=\"auto, (max-width: 800px) 100vw, 800px\" \/><p id=\"caption-attachment-10029\" class=\"wp-caption-text\">Concert priv\u00e9 du guitariste du groupe rock ACDC avec sa nouvelle formation.<\/p><\/div>\n<p>La Grange joue un r\u00f4le primordial lors de th\u00e9matiques suisse, champ\u00eatre ou western, et peut retrouver son utilisation d&#8217;origine sans grand effort, comme le t\u00e9moignent ces photos bucoliques.<\/p>\n\n\t\t<style type=\"text\/css\">\n\t\t\t#gallery-2 {\n\t\t\t\tmargin: auto;\n\t\t\t}\n\t\t\t#gallery-2 .gallery-item {\n\t\t\t\tfloat: left;\n\t\t\t\tmargin-top: 10px;\n\t\t\t\ttext-align: center;\n\t\t\t\twidth: 33%;\n\t\t\t}\n\t\t\t#gallery-2 img {\n\t\t\t\tborder: 2px solid #cfcfcf;\n\t\t\t}\n\t\t\t#gallery-2 .gallery-caption {\n\t\t\t\tmargin-left: 0;\n\t\t\t}\n\t\t\t\/* see gallery_shortcode() in wp-includes\/media.php *\/\n\t\t<\/style>\n\t\t<div id='gallery-2' class='gallery galleryid-9949 gallery-columns-3 gallery-size-medium'><dl class='gallery-item'>\n\t\t\t<dt class='gallery-icon landscape'>\n\t\t\t\t<a href='https:\/\/portesdesiris.ch\/de\/portes-des-iris-hangar13-2-2\/'><img loading=\"lazy\" decoding=\"async\" width=\"300\" height=\"225\" src=\"https:\/\/portesdesiris.ch\/wp-content\/uploads\/2020\/04\/portes-des-iris-hangar13-1-300x225.jpg\" class=\"attachment-medium size-medium\" alt=\"\" srcset=\"https:\/\/portesdesiris.ch\/wp-content\/uploads\/2020\/04\/portes-des-iris-hangar13-1-300x225.jpg 300w, https:\/\/portesdesiris.ch\/wp-content\/uploads\/2020\/04\/portes-des-iris-hangar13-1-768x576.jpg 768w, https:\/\/portesdesiris.ch\/wp-content\/uploads\/2020\/04\/portes-des-iris-hangar13-1.jpg 1000w\" sizes=\"auto, (max-width: 300px) 100vw, 300px\" \/><\/a>\n\t\t\t<\/dt><\/dl><dl class='gallery-item'>\n\t\t\t<dt class='gallery-icon landscape'>\n\t\t\t\t<a href='https:\/\/portesdesiris.ch\/de\/portes-des-iris-hangar08-2-2\/'><img loading=\"lazy\" decoding=\"async\" width=\"300\" height=\"225\" src=\"https:\/\/portesdesiris.ch\/wp-content\/uploads\/2020\/04\/portes-des-iris-hangar08-1-300x225.jpg\" class=\"attachment-medium size-medium\" alt=\"\" srcset=\"https:\/\/portesdesiris.ch\/wp-content\/uploads\/2020\/04\/portes-des-iris-hangar08-1-300x225.jpg 300w, https:\/\/portesdesiris.ch\/wp-content\/uploads\/2020\/04\/portes-des-iris-hangar08-1-768x576.jpg 768w, https:\/\/portesdesiris.ch\/wp-content\/uploads\/2020\/04\/portes-des-iris-hangar08-1.jpg 1000w\" sizes=\"auto, (max-width: 300px) 100vw, 300px\" \/><\/a>\n\t\t\t<\/dt><\/dl><dl class='gallery-item'>\n\t\t\t<dt class='gallery-icon landscape'>\n\t\t\t\t<a href='https:\/\/portesdesiris.ch\/de\/portes-des-iris-hangar05-2-2\/'><img loading=\"lazy\" decoding=\"async\" width=\"300\" height=\"225\" src=\"https:\/\/portesdesiris.ch\/wp-content\/uploads\/2020\/04\/portes-des-iris-hangar05-1-300x225.jpg\" class=\"attachment-medium size-medium\" alt=\"\" srcset=\"https:\/\/portesdesiris.ch\/wp-content\/uploads\/2020\/04\/portes-des-iris-hangar05-1-300x225.jpg 300w, https:\/\/portesdesiris.ch\/wp-content\/uploads\/2020\/04\/portes-des-iris-hangar05-1-768x576.jpg 768w, https:\/\/portesdesiris.ch\/wp-content\/uploads\/2020\/04\/portes-des-iris-hangar05-1.jpg 1000w\" sizes=\"auto, (max-width: 300px) 100vw, 300px\" \/><\/a>\n\t\t\t<\/dt><\/dl><br style=\"clear: both\" \/>\n\t\t<\/div>\n\n<p>Les v\u00e9hicules de nos clients du secteur automobile sont pr\u00eats au d\u00e9part. Les d\u00e9tails techniques sont expliqu\u00e9s \u00e0 couvert et un workshop assis peut m\u00eame y \u00eatre propos\u00e9. Tous les d\u00e9tails de ce qui est possible pour ce genre de client dans <a href=\"https:\/\/portesdesiris.ch\/de\/portes-des-iris-un-lieu-evenementiel-incontournable-pour-les-marques-automobiles\/\">notre article blog d\u00e9di\u00e9\u00a0<\/a>.<\/p>\n<div id=\"attachment_10162\" style=\"width: 810px\" class=\"wp-caption aligncenter\"><img loading=\"lazy\" decoding=\"async\" aria-describedby=\"caption-attachment-10162\" class=\"wp-image-10162\" src=\"https:\/\/portesdesiris.ch\/wp-content\/uploads\/2020\/04\/portes-des-iris-automobile-hangar-300x68.jpg\" alt=\"\" width=\"800\" height=\"181\" srcset=\"https:\/\/portesdesiris.ch\/wp-content\/uploads\/2020\/04\/portes-des-iris-automobile-hangar-300x68.jpg 300w, https:\/\/portesdesiris.ch\/wp-content\/uploads\/2020\/04\/portes-des-iris-automobile-hangar.jpg 700w\" sizes=\"auto, (max-width: 800px) 100vw, 800px\" \/><p id=\"caption-attachment-10162\" class=\"wp-caption-text\">Exposition de voitures sous la Grange, pr\u00eates pour des test-drives<\/p><\/div>\n<p>&nbsp;<\/p>\n<p>Les professionnels du teambuilding sont tr\u00e8s friands de cet espace qui permet de r\u00e9aliser toutes sortes d&#8217;activit\u00e9s \u00e0 couvert, mais en plein air, sans limitation phonique et quelque soit la m\u00e9t\u00e9o.<\/p>\n\n\t\t<style type=\"text\/css\">\n\t\t\t#gallery-3 {\n\t\t\t\tmargin: auto;\n\t\t\t}\n\t\t\t#gallery-3 .gallery-item {\n\t\t\t\tfloat: left;\n\t\t\t\tmargin-top: 10px;\n\t\t\t\ttext-align: center;\n\t\t\t\twidth: 50%;\n\t\t\t}\n\t\t\t#gallery-3 img {\n\t\t\t\tborder: 2px solid #cfcfcf;\n\t\t\t}\n\t\t\t#gallery-3 .gallery-caption {\n\t\t\t\tmargin-left: 0;\n\t\t\t}\n\t\t\t\/* see gallery_shortcode() in wp-includes\/media.php *\/\n\t\t<\/style>\n\t\t<div id='gallery-3' class='gallery galleryid-9949 gallery-columns-2 gallery-size-medium'><dl class='gallery-item'>\n\t\t\t<dt class='gallery-icon landscape'>\n\t\t\t\t<a href='https:\/\/portesdesiris.ch\/de\/portes-des-iris-hangar10-2-2\/'><img loading=\"lazy\" decoding=\"async\" width=\"300\" height=\"225\" src=\"https:\/\/portesdesiris.ch\/wp-content\/uploads\/2020\/04\/portes-des-iris-hangar10-1-300x225.jpg\" class=\"attachment-medium size-medium\" alt=\"\" aria-describedby=\"gallery-3-10019\" srcset=\"https:\/\/portesdesiris.ch\/wp-content\/uploads\/2020\/04\/portes-des-iris-hangar10-1-300x225.jpg 300w, https:\/\/portesdesiris.ch\/wp-content\/uploads\/2020\/04\/portes-des-iris-hangar10-1-768x576.jpg 768w, https:\/\/portesdesiris.ch\/wp-content\/uploads\/2020\/04\/portes-des-iris-hangar10-1.jpg 1000w\" sizes=\"auto, (max-width: 300px) 100vw, 300px\" \/><\/a>\n\t\t\t<\/dt>\n\t\t\t\t<dd class='wp-caption-text gallery-caption' id='gallery-3-10019'>\n\t\t\t\tTeambuilding Jamb\u00e9 propos\u00e9 par l&#8217;agence Sewabeats jusqu&#8217;\u00e0 300 personnes aux Portes des Iris\n\t\t\t\t<\/dd><\/dl><dl class='gallery-item'>\n\t\t\t<dt class='gallery-icon portrait'>\n\t\t\t\t<a href='https:\/\/portesdesiris.ch\/de\/portes-des-iris-hangar09-2-2\/'><img loading=\"lazy\" decoding=\"async\" width=\"225\" height=\"300\" src=\"https:\/\/portesdesiris.ch\/wp-content\/uploads\/2020\/04\/portes-des-iris-hangar09-1-225x300.jpg\" class=\"attachment-medium size-medium\" alt=\"\" srcset=\"https:\/\/portesdesiris.ch\/wp-content\/uploads\/2020\/04\/portes-des-iris-hangar09-1-225x300.jpg 225w, https:\/\/portesdesiris.ch\/wp-content\/uploads\/2020\/04\/portes-des-iris-hangar09-1.jpg 750w\" sizes=\"auto, (max-width: 225px) 100vw, 225px\" \/><\/a>\n\t\t\t<\/dt><\/dl><br style=\"clear: both\" \/>\n\t\t<\/div>\n\n<p>&nbsp;<\/p>\n<p>Sophie Bertorelli &#8211; avril 2020<\/p>\n","protected":false},"excerpt":{"rendered":"<p>Alors que les jardins et ses terrasses au sud et sud-ouest de Portes des Iris restent les ext\u00e9rieurs les plus reconnus du lieu, le c\u00f4t\u00e9 Cour du B\u00e2timent principal offre, sans conteste, une opportunit\u00e9 \u00e9v\u00e9nementielle suppl\u00e9mentaire et originale. Le c\u00f4t\u00e9 rustique de la b\u00e2tisse, faite de vieux bois, est devenu un atout majeur des mariages [&hellip;]<\/p>\n","protected":false},"author":6,"featured_media":18691,"comment_status":"open","ping_status":"open","sticky":false,"template":"","format":"standard","meta":{"_acf_changed":false,"footnotes":""},"categories":[17,18,1,14,21,25,26,16,32],"tags":[],"class_list":["post-9949","post","type-post","status-publish","format-standard","has-post-thumbnail","hentry","category-activites-et-teambuilding","category-animations","category-blog","category-companies","category-evenements","category-histoire-du-domaine","category-idees","category-the-domain","category-thematiques"],"acf":[],"yoast_head":"<!-- This site is optimized with the Yoast SEO plugin v26.7 - https:\/\/yoast.com\/wordpress\/plugins\/seo\/ -->\n<title>Notre Grange c\u00f4t\u00e9 cour - Un d\u00e9cor rustique chic tr\u00e8s tendance - Portes des Iris<\/title>\n<meta name=\"robots\" content=\"index, follow, max-snippet:-1, max-image-preview:large, max-video-preview:-1\" \/>\n<link rel=\"canonical\" href=\"https:\/\/portesdesiris.ch\/notre-grange-cote-cour-un-decor-rustique-chic-tres-tendance\/\" \/>\n<meta property=\"og:locale\" content=\"de_DE\" \/>\n<meta property=\"og:type\" content=\"article\" \/>\n<meta property=\"og:title\" content=\"Notre Grange c\u00f4t\u00e9 cour - Un d\u00e9cor rustique chic tr\u00e8s tendance - Portes des Iris\" \/>\n<meta property=\"og:description\" content=\"Alors que les jardins et ses terrasses au sud et sud-ouest de Portes des Iris restent les ext\u00e9rieurs les plus reconnus du lieu, le c\u00f4t\u00e9 Cour du B\u00e2timent principal offre, sans conteste, une opportunit\u00e9 \u00e9v\u00e9nementielle suppl\u00e9mentaire et originale. Le c\u00f4t\u00e9 rustique de la b\u00e2tisse, faite de vieux bois, est devenu un atout majeur des mariages [&hellip;]\" \/>\n<meta property=\"og:url\" content=\"https:\/\/portesdesiris.ch\/notre-grange-cote-cour-un-decor-rustique-chic-tres-tendance\/\" \/>\n<meta property=\"og:site_name\" content=\"Portes des Iris\" \/>\n<meta property=\"article:publisher\" content=\"https:\/\/www.facebook.com\/portesdesiris\/\" \/>\n<meta property=\"article:published_time\" content=\"2020-04-15T11:04:15+00:00\" \/>\n<meta property=\"article:modified_time\" content=\"2025-01-23T09:29:31+00:00\" \/>\n<meta property=\"og:image\" content=\"https:\/\/portesdesiris.ch\/wp-content\/uploads\/2020\/04\/IMG_0075-226.avif\" \/>\n\t<meta property=\"og:image:width\" content=\"1701\" \/>\n\t<meta property=\"og:image:height\" content=\"1276\" \/>\n\t<meta property=\"og:image:type\" content=\"image\/jpeg\" \/>\n<meta name=\"author\" content=\"Portes des Iris\" \/>\n<meta name=\"twitter:card\" content=\"summary_large_image\" \/>\n<meta name=\"twitter:label1\" content=\"Verfasst von\" \/>\n\t<meta name=\"twitter:data1\" content=\"Portes des Iris\" \/>\n\t<meta name=\"twitter:label2\" content=\"Gesch\u00e4tzte Lesezeit\" \/>\n\t<meta name=\"twitter:data2\" content=\"4\u00a0Minuten\" \/>\n<script type=\"application\/ld+json\" class=\"yoast-schema-graph\">{\"@context\":\"https:\/\/schema.org\",\"@graph\":[{\"@type\":\"Article\",\"@id\":\"https:\/\/portesdesiris.ch\/notre-grange-cote-cour-un-decor-rustique-chic-tres-tendance\/#article\",\"isPartOf\":{\"@id\":\"https:\/\/portesdesiris.ch\/notre-grange-cote-cour-un-decor-rustique-chic-tres-tendance\/\"},\"author\":{\"name\":\"Portes des Iris\",\"@id\":\"https:\/\/portesdesiris.ch\/de\/#\/schema\/person\/1fec589d003851c4ffe308e8071bffeb\"},\"headline\":\"Notre Grange c\u00f4t\u00e9 cour &#8211; Un d\u00e9cor rustique chic tr\u00e8s tendance\",\"datePublished\":\"2020-04-15T11:04:15+00:00\",\"dateModified\":\"2025-01-23T09:29:31+00:00\",\"mainEntityOfPage\":{\"@id\":\"https:\/\/portesdesiris.ch\/notre-grange-cote-cour-un-decor-rustique-chic-tres-tendance\/\"},\"wordCount\":470,\"commentCount\":0,\"image\":{\"@id\":\"https:\/\/portesdesiris.ch\/notre-grange-cote-cour-un-decor-rustique-chic-tres-tendance\/#primaryimage\"},\"thumbnailUrl\":\"https:\/\/portesdesiris.ch\/wp-content\/uploads\/2020\/04\/IMG_0075-226.avif\",\"articleSection\":[\"Activit\u00e9s et teambuilding\",\"Animations\",\"Blog\",\"Entreprises\",\"Ev\u00e9nements\",\"Histoire du Domaine\",\"Id\u00e9es\",\"Le domaine\",\"Th\u00e9matiques\"],\"inLanguage\":\"de\",\"potentialAction\":[{\"@type\":\"CommentAction\",\"name\":\"Comment\",\"target\":[\"https:\/\/portesdesiris.ch\/notre-grange-cote-cour-un-decor-rustique-chic-tres-tendance\/#respond\"]}]},{\"@type\":\"WebPage\",\"@id\":\"https:\/\/portesdesiris.ch\/notre-grange-cote-cour-un-decor-rustique-chic-tres-tendance\/\",\"url\":\"https:\/\/portesdesiris.ch\/notre-grange-cote-cour-un-decor-rustique-chic-tres-tendance\/\",\"name\":\"Notre Grange c\u00f4t\u00e9 cour - Un d\u00e9cor rustique chic tr\u00e8s tendance - Portes des Iris\",\"isPartOf\":{\"@id\":\"https:\/\/portesdesiris.ch\/de\/#website\"},\"primaryImageOfPage\":{\"@id\":\"https:\/\/portesdesiris.ch\/notre-grange-cote-cour-un-decor-rustique-chic-tres-tendance\/#primaryimage\"},\"image\":{\"@id\":\"https:\/\/portesdesiris.ch\/notre-grange-cote-cour-un-decor-rustique-chic-tres-tendance\/#primaryimage\"},\"thumbnailUrl\":\"https:\/\/portesdesiris.ch\/wp-content\/uploads\/2020\/04\/IMG_0075-226.avif\",\"datePublished\":\"2020-04-15T11:04:15+00:00\",\"dateModified\":\"2025-01-23T09:29:31+00:00\",\"author\":{\"@id\":\"https:\/\/portesdesiris.ch\/de\/#\/schema\/person\/1fec589d003851c4ffe308e8071bffeb\"},\"breadcrumb\":{\"@id\":\"https:\/\/portesdesiris.ch\/notre-grange-cote-cour-un-decor-rustique-chic-tres-tendance\/#breadcrumb\"},\"inLanguage\":\"de\",\"potentialAction\":[{\"@type\":\"ReadAction\",\"target\":[\"https:\/\/portesdesiris.ch\/notre-grange-cote-cour-un-decor-rustique-chic-tres-tendance\/\"]}]},{\"@type\":\"ImageObject\",\"inLanguage\":\"de\",\"@id\":\"https:\/\/portesdesiris.ch\/notre-grange-cote-cour-un-decor-rustique-chic-tres-tendance\/#primaryimage\",\"url\":\"https:\/\/portesdesiris.ch\/wp-content\/uploads\/2020\/04\/IMG_0075-226.avif\",\"contentUrl\":\"https:\/\/portesdesiris.ch\/wp-content\/uploads\/2020\/04\/IMG_0075-226.avif\",\"width\":1701,\"height\":1276},{\"@type\":\"BreadcrumbList\",\"@id\":\"https:\/\/portesdesiris.ch\/notre-grange-cote-cour-un-decor-rustique-chic-tres-tendance\/#breadcrumb\",\"itemListElement\":[{\"@type\":\"ListItem\",\"position\":1,\"name\":\"Accueil\",\"item\":\"https:\/\/portesdesiris.ch\/de\/\"},{\"@type\":\"ListItem\",\"position\":2,\"name\":\"Notre Grange c\u00f4t\u00e9 cour &#8211; Un d\u00e9cor rustique chic tr\u00e8s tendance\"}]},{\"@type\":\"WebSite\",\"@id\":\"https:\/\/portesdesiris.ch\/de\/#website\",\"url\":\"https:\/\/portesdesiris.ch\/de\/\",\"name\":\"Portes des Iris\",\"description\":\"\",\"potentialAction\":[{\"@type\":\"SearchAction\",\"target\":{\"@type\":\"EntryPoint\",\"urlTemplate\":\"https:\/\/portesdesiris.ch\/de\/?s={search_term_string}\"},\"query-input\":{\"@type\":\"PropertyValueSpecification\",\"valueRequired\":true,\"valueName\":\"search_term_string\"}}],\"inLanguage\":\"de\"},{\"@type\":\"Person\",\"@id\":\"https:\/\/portesdesiris.ch\/de\/#\/schema\/person\/1fec589d003851c4ffe308e8071bffeb\",\"name\":\"Portes des Iris\",\"image\":{\"@type\":\"ImageObject\",\"inLanguage\":\"de\",\"@id\":\"https:\/\/portesdesiris.ch\/de\/#\/schema\/person\/image\/\",\"url\":\"https:\/\/secure.gravatar.com\/avatar\/130218f921c4cc9c452a947ae622f180eddde80d56f659695eaebe8acade8074?s=96&d=mm&r=g\",\"contentUrl\":\"https:\/\/secure.gravatar.com\/avatar\/130218f921c4cc9c452a947ae622f180eddde80d56f659695eaebe8acade8074?s=96&d=mm&r=g\",\"caption\":\"Portes des Iris\"},\"url\":\"https:\/\/portesdesiris.ch\/de\/author\/portesdesiris\/\"}]}<\/script>\n<!-- \/ Yoast SEO plugin. -->","yoast_head_json":{"title":"Notre Grange c\u00f4t\u00e9 cour - Un d\u00e9cor rustique chic tr\u00e8s tendance - Portes des Iris","robots":{"index":"index","follow":"follow","max-snippet":"max-snippet:-1","max-image-preview":"max-image-preview:large","max-video-preview":"max-video-preview:-1"},"canonical":"https:\/\/portesdesiris.ch\/notre-grange-cote-cour-un-decor-rustique-chic-tres-tendance\/","og_locale":"de_DE","og_type":"article","og_title":"Notre Grange c\u00f4t\u00e9 cour - Un d\u00e9cor rustique chic tr\u00e8s tendance - Portes des Iris","og_description":"Alors que les jardins et ses terrasses au sud et sud-ouest de Portes des Iris restent les ext\u00e9rieurs les plus reconnus du lieu, le c\u00f4t\u00e9 Cour du B\u00e2timent principal offre, sans conteste, une opportunit\u00e9 \u00e9v\u00e9nementielle suppl\u00e9mentaire et originale. Le c\u00f4t\u00e9 rustique de la b\u00e2tisse, faite de vieux bois, est devenu un atout majeur des mariages [&hellip;]","og_url":"https:\/\/portesdesiris.ch\/notre-grange-cote-cour-un-decor-rustique-chic-tres-tendance\/","og_site_name":"Portes des Iris","article_publisher":"https:\/\/www.facebook.com\/portesdesiris\/","article_published_time":"2020-04-15T11:04:15+00:00","article_modified_time":"2025-01-23T09:29:31+00:00","og_image":[{"width":1701,"height":1276,"url":"https:\/\/portesdesiris.ch\/wp-content\/uploads\/2020\/04\/IMG_0075-226.avif","type":"image\/jpeg"}],"author":"Portes des Iris","twitter_card":"summary_large_image","twitter_misc":{"Verfasst von":"Portes des Iris","Gesch\u00e4tzte Lesezeit":"4\u00a0Minuten"},"schema":{"@context":"https:\/\/schema.org","@graph":[{"@type":"Article","@id":"https:\/\/portesdesiris.ch\/notre-grange-cote-cour-un-decor-rustique-chic-tres-tendance\/#article","isPartOf":{"@id":"https:\/\/portesdesiris.ch\/notre-grange-cote-cour-un-decor-rustique-chic-tres-tendance\/"},"author":{"name":"Portes des Iris","@id":"https:\/\/portesdesiris.ch\/de\/#\/schema\/person\/1fec589d003851c4ffe308e8071bffeb"},"headline":"Notre Grange c\u00f4t\u00e9 cour &#8211; Un d\u00e9cor rustique chic tr\u00e8s tendance","datePublished":"2020-04-15T11:04:15+00:00","dateModified":"2025-01-23T09:29:31+00:00","mainEntityOfPage":{"@id":"https:\/\/portesdesiris.ch\/notre-grange-cote-cour-un-decor-rustique-chic-tres-tendance\/"},"wordCount":470,"commentCount":0,"image":{"@id":"https:\/\/portesdesiris.ch\/notre-grange-cote-cour-un-decor-rustique-chic-tres-tendance\/#primaryimage"},"thumbnailUrl":"https:\/\/portesdesiris.ch\/wp-content\/uploads\/2020\/04\/IMG_0075-226.avif","articleSection":["Activit\u00e9s et teambuilding","Animations","Blog","Entreprises","Ev\u00e9nements","Histoire du Domaine","Id\u00e9es","Le domaine","Th\u00e9matiques"],"inLanguage":"de","potentialAction":[{"@type":"CommentAction","name":"Comment","target":["https:\/\/portesdesiris.ch\/notre-grange-cote-cour-un-decor-rustique-chic-tres-tendance\/#respond"]}]},{"@type":"WebPage","@id":"https:\/\/portesdesiris.ch\/notre-grange-cote-cour-un-decor-rustique-chic-tres-tendance\/","url":"https:\/\/portesdesiris.ch\/notre-grange-cote-cour-un-decor-rustique-chic-tres-tendance\/","name":"Notre Grange c\u00f4t\u00e9 cour - Un d\u00e9cor rustique chic tr\u00e8s tendance - Portes des Iris","isPartOf":{"@id":"https:\/\/portesdesiris.ch\/de\/#website"},"primaryImageOfPage":{"@id":"https:\/\/portesdesiris.ch\/notre-grange-cote-cour-un-decor-rustique-chic-tres-tendance\/#primaryimage"},"image":{"@id":"https:\/\/portesdesiris.ch\/notre-grange-cote-cour-un-decor-rustique-chic-tres-tendance\/#primaryimage"},"thumbnailUrl":"https:\/\/portesdesiris.ch\/wp-content\/uploads\/2020\/04\/IMG_0075-226.avif","datePublished":"2020-04-15T11:04:15+00:00","dateModified":"2025-01-23T09:29:31+00:00","author":{"@id":"https:\/\/portesdesiris.ch\/de\/#\/schema\/person\/1fec589d003851c4ffe308e8071bffeb"},"breadcrumb":{"@id":"https:\/\/portesdesiris.ch\/notre-grange-cote-cour-un-decor-rustique-chic-tres-tendance\/#breadcrumb"},"inLanguage":"de","potentialAction":[{"@type":"ReadAction","target":["https:\/\/portesdesiris.ch\/notre-grange-cote-cour-un-decor-rustique-chic-tres-tendance\/"]}]},{"@type":"ImageObject","inLanguage":"de","@id":"https:\/\/portesdesiris.ch\/notre-grange-cote-cour-un-decor-rustique-chic-tres-tendance\/#primaryimage","url":"https:\/\/portesdesiris.ch\/wp-content\/uploads\/2020\/04\/IMG_0075-226.avif","contentUrl":"https:\/\/portesdesiris.ch\/wp-content\/uploads\/2020\/04\/IMG_0075-226.avif","width":1701,"height":1276},{"@type":"BreadcrumbList","@id":"https:\/\/portesdesiris.ch\/notre-grange-cote-cour-un-decor-rustique-chic-tres-tendance\/#breadcrumb","itemListElement":[{"@type":"ListItem","position":1,"name":"Accueil","item":"https:\/\/portesdesiris.ch\/de\/"},{"@type":"ListItem","position":2,"name":"Notre Grange c\u00f4t\u00e9 cour &#8211; Un d\u00e9cor rustique chic tr\u00e8s tendance"}]},{"@type":"WebSite","@id":"https:\/\/portesdesiris.ch\/de\/#website","url":"https:\/\/portesdesiris.ch\/de\/","name":"Portes des Iris","description":"","potentialAction":[{"@type":"SearchAction","target":{"@type":"EntryPoint","urlTemplate":"https:\/\/portesdesiris.ch\/de\/?s={search_term_string}"},"query-input":{"@type":"PropertyValueSpecification","valueRequired":true,"valueName":"search_term_string"}}],"inLanguage":"de"},{"@type":"Person","@id":"https:\/\/portesdesiris.ch\/de\/#\/schema\/person\/1fec589d003851c4ffe308e8071bffeb","name":"Portes des Iris","image":{"@type":"ImageObject","inLanguage":"de","@id":"https:\/\/portesdesiris.ch\/de\/#\/schema\/person\/image\/","url":"https:\/\/secure.gravatar.com\/avatar\/130218f921c4cc9c452a947ae622f180eddde80d56f659695eaebe8acade8074?s=96&d=mm&r=g","contentUrl":"https:\/\/secure.gravatar.com\/avatar\/130218f921c4cc9c452a947ae622f180eddde80d56f659695eaebe8acade8074?s=96&d=mm&r=g","caption":"Portes des Iris"},"url":"https:\/\/portesdesiris.ch\/de\/author\/portesdesiris\/"}]}},"_links":{"self":[{"href":"https:\/\/portesdesiris.ch\/de\/wp-json\/wp\/v2\/posts\/9949","targetHints":{"allow":["GET"]}}],"collection":[{"href":"https:\/\/portesdesiris.ch\/de\/wp-json\/wp\/v2\/posts"}],"about":[{"href":"https:\/\/portesdesiris.ch\/de\/wp-json\/wp\/v2\/types\/post"}],"author":[{"embeddable":true,"href":"https:\/\/portesdesiris.ch\/de\/wp-json\/wp\/v2\/users\/6"}],"replies":[{"embeddable":true,"href":"https:\/\/portesdesiris.ch\/de\/wp-json\/wp\/v2\/comments?post=9949"}],"version-history":[{"count":2,"href":"https:\/\/portesdesiris.ch\/de\/wp-json\/wp\/v2\/posts\/9949\/revisions"}],"predecessor-version":[{"id":18694,"href":"https:\/\/portesdesiris.ch\/de\/wp-json\/wp\/v2\/posts\/9949\/revisions\/18694"}],"wp:featuredmedia":[{"embeddable":true,"href":"https:\/\/portesdesiris.ch\/de\/wp-json\/wp\/v2\/media\/18691"}],"wp:attachment":[{"href":"https:\/\/portesdesiris.ch\/de\/wp-json\/wp\/v2\/media?parent=9949"}],"wp:term":[{"taxonomy":"category","embeddable":true,"href":"https:\/\/portesdesiris.ch\/de\/wp-json\/wp\/v2\/categories?post=9949"},{"taxonomy":"post_tag","embeddable":true,"href":"https:\/\/portesdesiris.ch\/de\/wp-json\/wp\/v2\/tags?post=9949"}],"curies":[{"name":"wp","href":"https:\/\/api.w.org\/{rel}","templated":true}]}}