{"id":9042,"date":"2020-01-31T10:45:50","date_gmt":"2020-01-31T09:45:50","guid":{"rendered":"https:\/\/portesdesiris.ch\/?p=9042"},"modified":"2020-02-24T08:53:41","modified_gmt":"2020-02-24T07:53:41","slug":"les-nouvelles-portes-des-iris","status":"publish","type":"post","link":"https:\/\/portesdesiris.ch\/de\/les-nouvelles-portes-des-iris\/","title":{"rendered":"Les nouvelles Portes\u2026..des Iris\u00a0!"},"content":{"rendered":"<h2 style=\"text-align: center;\">L\u2019ancienne ferme du Domaine du Ch\u00e2teau de Vullierens, r\u00e9habilit\u00e9e en un lieu \u00e9v\u00e9nementiel d&#8217;exception, innove et se renouvelle comme \u00e0 son habitude avec exclusivit\u00e9 et go\u00fbt !<\/h2>\n<p style=\"text-align: center;\">Des portes enti\u00e8rement sculpt\u00e9es des fleurs phare de ses Jardins, vous l&#8217;aurez imagin\u00e9 l&#8217;IRIS, ont \u00e9t\u00e9 r\u00e9alis\u00e9es sur mesure par le sculpteur renomm\u00e9 Etienne Kr\u00e4henb\u00fchl, \u00e0 qui, Portes des Iris a donn\u00e9 carte blanche. Elles habillent avec \u00e9l\u00e9gance les salles de r\u00e9ception du rez-de-chauss\u00e9e: Iris et son bar ainsi que la salle Elo\u00efse.<\/p>\n<p style=\"text-align: center;\"><img loading=\"lazy\" decoding=\"async\" class=\"aligncenter wp-image-9044 size-large\" src=\"https:\/\/portesdesiris.ch\/wp-content\/uploads\/2020\/01\/portes-des-iris-bar-683x1024.jpg\" alt=\"portes-des-iris-bar\" width=\"683\" height=\"1024\" \/><\/p>\n<p style=\"text-align: center;\">\u00ab L\u2019id\u00e9e d\u2019utiliser les IRIS \u00e9tait une \u00e9vidence puisque Vullierens abrite la collection la plus moderne d\u2019Europe \u00bb rel\u00e8ve l\u2019artiste vaudois qui est un habitu\u00e9 des jardins o\u00f9 s\u2019int\u00e8grent magnifiquement plusieurs de ses installations. \u00ab La difficult\u00e9 r\u00e9sidait dans le fait qu\u2019il s\u2019agissait de saisir la d\u00e9licatesse et l\u2019\u00e9ph\u00e9m\u00e8re de cette fleur dans un mat\u00e9riau dur : l\u2019aluminium, tout en pr\u00e9servant le motif de r\u00eave que m\u2019ont offert ces v\u00e9g\u00e9taux \u00bb.<\/p>\n\n\t\t<style type=\"text\/css\">\n\t\t\t#gallery-1 {\n\t\t\t\tmargin: auto;\n\t\t\t}\n\t\t\t#gallery-1 .gallery-item {\n\t\t\t\tfloat: left;\n\t\t\t\tmargin-top: 10px;\n\t\t\t\ttext-align: center;\n\t\t\t\twidth: 50%;\n\t\t\t}\n\t\t\t#gallery-1 img {\n\t\t\t\tborder: 2px solid #cfcfcf;\n\t\t\t}\n\t\t\t#gallery-1 .gallery-caption {\n\t\t\t\tmargin-left: 0;\n\t\t\t}\n\t\t\t\/* see gallery_shortcode() in wp-includes\/media.php *\/\n\t\t<\/style>\n\t\t<div id='gallery-1' class='gallery galleryid-9042 gallery-columns-2 gallery-size-medium'><dl class='gallery-item'>\n\t\t\t<dt class='gallery-icon portrait'>\n\t\t\t\t<a href='https:\/\/portesdesiris.ch\/de\/portes-des-iris-portes-2\/'><img loading=\"lazy\" decoding=\"async\" width=\"225\" height=\"300\" src=\"https:\/\/portesdesiris.ch\/wp-content\/uploads\/2020\/01\/portes-des-iris-portes-225x300.jpg\" class=\"attachment-medium size-medium\" alt=\"portes-des-iris-portes\" srcset=\"https:\/\/portesdesiris.ch\/wp-content\/uploads\/2020\/01\/portes-des-iris-portes-225x300.jpg 225w, https:\/\/portesdesiris.ch\/wp-content\/uploads\/2020\/01\/portes-des-iris-portes.jpg 768w\" sizes=\"auto, (max-width: 225px) 100vw, 225px\" \/><\/a>\n\t\t\t<\/dt><\/dl><dl class='gallery-item'>\n\t\t\t<dt class='gallery-icon portrait'>\n\t\t\t\t<a href='https:\/\/portesdesiris.ch\/de\/portes-des-iris-eloise-2\/'><img loading=\"lazy\" decoding=\"async\" width=\"251\" height=\"300\" src=\"https:\/\/portesdesiris.ch\/wp-content\/uploads\/2020\/01\/portes-des-iris-eloise-251x300.jpg\" class=\"attachment-medium size-medium\" alt=\"portes-des-iris-eloise\" srcset=\"https:\/\/portesdesiris.ch\/wp-content\/uploads\/2020\/01\/portes-des-iris-eloise-251x300.jpg 251w, https:\/\/portesdesiris.ch\/wp-content\/uploads\/2020\/01\/portes-des-iris-eloise-768x919.jpg 768w, https:\/\/portesdesiris.ch\/wp-content\/uploads\/2020\/01\/portes-des-iris-eloise.jpg 856w\" sizes=\"auto, (max-width: 251px) 100vw, 251px\" \/><\/a>\n\t\t\t<\/dt><\/dl><br style=\"clear: both\" \/>\n\t\t<\/div>\n\n<p style=\"text-align: center;\">De nombreuses \u00e9tapes ont \u00e9t\u00e9 n\u00e9cessaires pour finaliser le projet. Des fleurs fra\u00eeches ont \u00e9t\u00e9 d\u00e9licatement d\u00e9pos\u00e9es dans une terre de modelage puis une empreinte de silicone suivit d\u2019un moule de r\u00e9sine ont \u00e9t\u00e9 r\u00e9alis\u00e9s. La fonderie Gilles Petit \u00e0 Fleurier a ensuite cr\u00e9\u00e9 un moule de sable afin d\u2019y couler l\u2019aluminium. Les plaques ont ensuite \u00e9t\u00e9 mont\u00e9es et install\u00e9es sur des structures par une menuiserie r\u00e9put\u00e9e de la r\u00e9gion qui avait d&#8217;ailleurs effectu\u00e9 les r\u00e9novations de la magnifique charpente de la ferme datant du XVI\u00e8me si\u00e8cle.<\/p>\n\n\t\t<style type=\"text\/css\">\n\t\t\t#gallery-2 {\n\t\t\t\tmargin: auto;\n\t\t\t}\n\t\t\t#gallery-2 .gallery-item {\n\t\t\t\tfloat: left;\n\t\t\t\tmargin-top: 10px;\n\t\t\t\ttext-align: center;\n\t\t\t\twidth: 50%;\n\t\t\t}\n\t\t\t#gallery-2 img {\n\t\t\t\tborder: 2px solid #cfcfcf;\n\t\t\t}\n\t\t\t#gallery-2 .gallery-caption {\n\t\t\t\tmargin-left: 0;\n\t\t\t}\n\t\t\t\/* see gallery_shortcode() in wp-includes\/media.php *\/\n\t\t<\/style>\n\t\t<div id='gallery-2' class='gallery galleryid-9042 gallery-columns-2 gallery-size-large'><dl class='gallery-item'>\n\t\t\t<dt class='gallery-icon portrait'>\n\t\t\t\t<a href='https:\/\/portesdesiris.ch\/de\/portes-des-iris-etienne-kraehnbuehl-2\/'><img loading=\"lazy\" decoding=\"async\" width=\"768\" height=\"1024\" src=\"https:\/\/portesdesiris.ch\/wp-content\/uploads\/2020\/01\/portes-des-iris-etienne-kraehnbuehl-768x1024.jpg\" class=\"attachment-large size-large\" alt=\"portes-des-iris-etienne-kraehnbuehl\" srcset=\"https:\/\/portesdesiris.ch\/wp-content\/uploads\/2020\/01\/portes-des-iris-etienne-kraehnbuehl-768x1024.jpg 768w, https:\/\/portesdesiris.ch\/wp-content\/uploads\/2020\/01\/portes-des-iris-etienne-kraehnbuehl-225x300.jpg 225w, https:\/\/portesdesiris.ch\/wp-content\/uploads\/2020\/01\/portes-des-iris-etienne-kraehnbuehl.jpg 1000w\" sizes=\"auto, (max-width: 768px) 100vw, 768px\" \/><\/a>\n\t\t\t<\/dt><\/dl><dl class='gallery-item'>\n\t\t\t<dt class='gallery-icon portrait'>\n\t\t\t\t<a href='https:\/\/portesdesiris.ch\/de\/portes-des-iris-etienne-krahenbuehl-2\/'><img loading=\"lazy\" decoding=\"async\" width=\"768\" height=\"1024\" src=\"https:\/\/portesdesiris.ch\/wp-content\/uploads\/2020\/01\/portes-des-iris-etienne-krahenbuehl-768x1024.jpg\" class=\"attachment-large size-large\" alt=\"portes-des-iris-etienne-krahenbuehl\" srcset=\"https:\/\/portesdesiris.ch\/wp-content\/uploads\/2020\/01\/portes-des-iris-etienne-krahenbuehl-768x1024.jpg 768w, https:\/\/portesdesiris.ch\/wp-content\/uploads\/2020\/01\/portes-des-iris-etienne-krahenbuehl-225x300.jpg 225w, https:\/\/portesdesiris.ch\/wp-content\/uploads\/2020\/01\/portes-des-iris-etienne-krahenbuehl.jpg 1000w\" sizes=\"auto, (max-width: 768px) 100vw, 768px\" \/><\/a>\n\t\t\t<\/dt><\/dl><br style=\"clear: both\" \/>\n\t\t<\/div>\n\n<p style=\"text-align: center;\">\u00ab\u00a0Passionn\u00e9 d\u2019art et de sculpture je suis enchant\u00e9 d\u2019avoir pu collaborer avec un de mes artistes favoris dans ce projet artistique in\u00e9dit qui embellit Portes des Iris et offre aux invit\u00e9s un d\u00e9cor sublim\u00e9\u00a0\u00bb, souligne le Ch\u00e2telain.<\/p>\n<p style=\"text-align: left;\">Sophie Bertorelli, janvier 2020<\/p>\n","protected":false},"excerpt":{"rendered":"<p>L\u2019ancienne ferme du Domaine du Ch\u00e2teau de Vullierens, r\u00e9habilit\u00e9e en un lieu \u00e9v\u00e9nementiel d&#8217;exception, innove et se renouvelle comme \u00e0 son habitude avec exclusivit\u00e9 et go\u00fbt ! Des portes enti\u00e8rement sculpt\u00e9es des fleurs phare de ses Jardins, vous l&#8217;aurez imagin\u00e9 l&#8217;IRIS, ont \u00e9t\u00e9 r\u00e9alis\u00e9es sur mesure par le sculpteur renomm\u00e9 Etienne Kr\u00e4henb\u00fchl, \u00e0 qui, Portes [&hellip;]<\/p>\n","protected":false},"author":6,"featured_media":9050,"comment_status":"open","ping_status":"open","sticky":false,"template":"","format":"standard","meta":{"_acf_changed":false,"footnotes":""},"categories":[1,14,21,28,16],"tags":[],"class_list":["post-9042","post","type-post","status-publish","format-standard","has-post-thumbnail","hentry","category-blog","category-companies","category-evenements","category-jardins-des-iris","category-the-domain"],"acf":[],"yoast_head":"<!-- This site is optimized with the Yoast SEO plugin v26.7 - https:\/\/yoast.com\/wordpress\/plugins\/seo\/ -->\n<title>Les nouvelles Portes\u2026..des Iris\u00a0! - Portes des Iris<\/title>\n<meta name=\"robots\" content=\"index, follow, max-snippet:-1, max-image-preview:large, max-video-preview:-1\" \/>\n<link rel=\"canonical\" href=\"https:\/\/portesdesiris.ch\/les-nouvelles-portes-des-iris\/\" \/>\n<meta property=\"og:locale\" content=\"de_DE\" \/>\n<meta property=\"og:type\" content=\"article\" \/>\n<meta property=\"og:title\" content=\"Les nouvelles Portes\u2026..des Iris\u00a0! - Portes des Iris\" \/>\n<meta property=\"og:description\" content=\"L\u2019ancienne ferme du Domaine du Ch\u00e2teau de Vullierens, r\u00e9habilit\u00e9e en un lieu \u00e9v\u00e9nementiel d&#8217;exception, innove et se renouvelle comme \u00e0 son habitude avec exclusivit\u00e9 et go\u00fbt ! Des portes enti\u00e8rement sculpt\u00e9es des fleurs phare de ses Jardins, vous l&#8217;aurez imagin\u00e9 l&#8217;IRIS, ont \u00e9t\u00e9 r\u00e9alis\u00e9es sur mesure par le sculpteur renomm\u00e9 Etienne Kr\u00e4henb\u00fchl, \u00e0 qui, Portes [&hellip;]\" \/>\n<meta property=\"og:url\" content=\"https:\/\/portesdesiris.ch\/les-nouvelles-portes-des-iris\/\" \/>\n<meta property=\"og:site_name\" content=\"Portes des Iris\" \/>\n<meta property=\"article:publisher\" content=\"https:\/\/www.facebook.com\/portesdesiris\/\" \/>\n<meta property=\"article:published_time\" content=\"2020-01-31T09:45:50+00:00\" \/>\n<meta property=\"article:modified_time\" content=\"2020-02-24T07:53:41+00:00\" \/>\n<meta property=\"og:image\" content=\"https:\/\/portesdesiris.ch\/wp-content\/uploads\/2020\/01\/portes-des-iris-salle-iris-e1580462790305.jpg\" \/>\n\t<meta property=\"og:image:width\" content=\"1000\" \/>\n\t<meta property=\"og:image:height\" content=\"971\" \/>\n\t<meta property=\"og:image:type\" content=\"image\/jpeg\" \/>\n<meta name=\"author\" content=\"Portes des Iris\" \/>\n<meta name=\"twitter:card\" content=\"summary_large_image\" \/>\n<meta name=\"twitter:label1\" content=\"Verfasst von\" \/>\n\t<meta name=\"twitter:data1\" content=\"Portes des Iris\" \/>\n\t<meta name=\"twitter:label2\" content=\"Gesch\u00e4tzte Lesezeit\" \/>\n\t<meta name=\"twitter:data2\" content=\"2\u00a0Minuten\" \/>\n<script type=\"application\/ld+json\" class=\"yoast-schema-graph\">{\"@context\":\"https:\/\/schema.org\",\"@graph\":[{\"@type\":\"Article\",\"@id\":\"https:\/\/portesdesiris.ch\/les-nouvelles-portes-des-iris\/#article\",\"isPartOf\":{\"@id\":\"https:\/\/portesdesiris.ch\/les-nouvelles-portes-des-iris\/\"},\"author\":{\"name\":\"Portes des Iris\",\"@id\":\"https:\/\/portesdesiris.ch\/de\/#\/schema\/person\/1fec589d003851c4ffe308e8071bffeb\"},\"headline\":\"Les nouvelles Portes\u2026..des Iris\u00a0!\",\"datePublished\":\"2020-01-31T09:45:50+00:00\",\"dateModified\":\"2020-02-24T07:53:41+00:00\",\"mainEntityOfPage\":{\"@id\":\"https:\/\/portesdesiris.ch\/les-nouvelles-portes-des-iris\/\"},\"wordCount\":351,\"commentCount\":0,\"image\":{\"@id\":\"https:\/\/portesdesiris.ch\/les-nouvelles-portes-des-iris\/#primaryimage\"},\"thumbnailUrl\":\"https:\/\/portesdesiris.ch\/wp-content\/uploads\/2020\/01\/portes-des-iris-salle-iris-e1580462790305.jpg\",\"articleSection\":[\"Blog\",\"Entreprises\",\"Ev\u00e9nements\",\"Jardins des Iris\",\"Le domaine\"],\"inLanguage\":\"de\",\"potentialAction\":[{\"@type\":\"CommentAction\",\"name\":\"Comment\",\"target\":[\"https:\/\/portesdesiris.ch\/les-nouvelles-portes-des-iris\/#respond\"]}]},{\"@type\":\"WebPage\",\"@id\":\"https:\/\/portesdesiris.ch\/les-nouvelles-portes-des-iris\/\",\"url\":\"https:\/\/portesdesiris.ch\/les-nouvelles-portes-des-iris\/\",\"name\":\"Les nouvelles Portes\u2026..des Iris\u00a0! - Portes des Iris\",\"isPartOf\":{\"@id\":\"https:\/\/portesdesiris.ch\/de\/#website\"},\"primaryImageOfPage\":{\"@id\":\"https:\/\/portesdesiris.ch\/les-nouvelles-portes-des-iris\/#primaryimage\"},\"image\":{\"@id\":\"https:\/\/portesdesiris.ch\/les-nouvelles-portes-des-iris\/#primaryimage\"},\"thumbnailUrl\":\"https:\/\/portesdesiris.ch\/wp-content\/uploads\/2020\/01\/portes-des-iris-salle-iris-e1580462790305.jpg\",\"datePublished\":\"2020-01-31T09:45:50+00:00\",\"dateModified\":\"2020-02-24T07:53:41+00:00\",\"author\":{\"@id\":\"https:\/\/portesdesiris.ch\/de\/#\/schema\/person\/1fec589d003851c4ffe308e8071bffeb\"},\"breadcrumb\":{\"@id\":\"https:\/\/portesdesiris.ch\/les-nouvelles-portes-des-iris\/#breadcrumb\"},\"inLanguage\":\"de\",\"potentialAction\":[{\"@type\":\"ReadAction\",\"target\":[\"https:\/\/portesdesiris.ch\/les-nouvelles-portes-des-iris\/\"]}]},{\"@type\":\"ImageObject\",\"inLanguage\":\"de\",\"@id\":\"https:\/\/portesdesiris.ch\/les-nouvelles-portes-des-iris\/#primaryimage\",\"url\":\"https:\/\/portesdesiris.ch\/wp-content\/uploads\/2020\/01\/portes-des-iris-salle-iris-e1580462790305.jpg\",\"contentUrl\":\"https:\/\/portesdesiris.ch\/wp-content\/uploads\/2020\/01\/portes-des-iris-salle-iris-e1580462790305.jpg\",\"width\":1000,\"height\":971,\"caption\":\"portes-des-iris-salle-iris\"},{\"@type\":\"BreadcrumbList\",\"@id\":\"https:\/\/portesdesiris.ch\/les-nouvelles-portes-des-iris\/#breadcrumb\",\"itemListElement\":[{\"@type\":\"ListItem\",\"position\":1,\"name\":\"Accueil\",\"item\":\"https:\/\/portesdesiris.ch\/de\/\"},{\"@type\":\"ListItem\",\"position\":2,\"name\":\"Les nouvelles Portes\u2026..des Iris\u00a0!\"}]},{\"@type\":\"WebSite\",\"@id\":\"https:\/\/portesdesiris.ch\/de\/#website\",\"url\":\"https:\/\/portesdesiris.ch\/de\/\",\"name\":\"Portes des Iris\",\"description\":\"\",\"potentialAction\":[{\"@type\":\"SearchAction\",\"target\":{\"@type\":\"EntryPoint\",\"urlTemplate\":\"https:\/\/portesdesiris.ch\/de\/?s={search_term_string}\"},\"query-input\":{\"@type\":\"PropertyValueSpecification\",\"valueRequired\":true,\"valueName\":\"search_term_string\"}}],\"inLanguage\":\"de\"},{\"@type\":\"Person\",\"@id\":\"https:\/\/portesdesiris.ch\/de\/#\/schema\/person\/1fec589d003851c4ffe308e8071bffeb\",\"name\":\"Portes des Iris\",\"image\":{\"@type\":\"ImageObject\",\"inLanguage\":\"de\",\"@id\":\"https:\/\/portesdesiris.ch\/de\/#\/schema\/person\/image\/\",\"url\":\"https:\/\/secure.gravatar.com\/avatar\/130218f921c4cc9c452a947ae622f180eddde80d56f659695eaebe8acade8074?s=96&d=mm&r=g\",\"contentUrl\":\"https:\/\/secure.gravatar.com\/avatar\/130218f921c4cc9c452a947ae622f180eddde80d56f659695eaebe8acade8074?s=96&d=mm&r=g\",\"caption\":\"Portes des Iris\"},\"url\":\"https:\/\/portesdesiris.ch\/de\/author\/portesdesiris\/\"}]}<\/script>\n<!-- \/ Yoast SEO plugin. -->","yoast_head_json":{"title":"Les nouvelles Portes\u2026..des Iris\u00a0! - Portes des Iris","robots":{"index":"index","follow":"follow","max-snippet":"max-snippet:-1","max-image-preview":"max-image-preview:large","max-video-preview":"max-video-preview:-1"},"canonical":"https:\/\/portesdesiris.ch\/les-nouvelles-portes-des-iris\/","og_locale":"de_DE","og_type":"article","og_title":"Les nouvelles Portes\u2026..des Iris\u00a0! - Portes des Iris","og_description":"L\u2019ancienne ferme du Domaine du Ch\u00e2teau de Vullierens, r\u00e9habilit\u00e9e en un lieu \u00e9v\u00e9nementiel d&#8217;exception, innove et se renouvelle comme \u00e0 son habitude avec exclusivit\u00e9 et go\u00fbt ! Des portes enti\u00e8rement sculpt\u00e9es des fleurs phare de ses Jardins, vous l&#8217;aurez imagin\u00e9 l&#8217;IRIS, ont \u00e9t\u00e9 r\u00e9alis\u00e9es sur mesure par le sculpteur renomm\u00e9 Etienne Kr\u00e4henb\u00fchl, \u00e0 qui, Portes [&hellip;]","og_url":"https:\/\/portesdesiris.ch\/les-nouvelles-portes-des-iris\/","og_site_name":"Portes des Iris","article_publisher":"https:\/\/www.facebook.com\/portesdesiris\/","article_published_time":"2020-01-31T09:45:50+00:00","article_modified_time":"2020-02-24T07:53:41+00:00","og_image":[{"width":1000,"height":971,"url":"https:\/\/portesdesiris.ch\/wp-content\/uploads\/2020\/01\/portes-des-iris-salle-iris-e1580462790305.jpg","type":"image\/jpeg"}],"author":"Portes des Iris","twitter_card":"summary_large_image","twitter_misc":{"Verfasst von":"Portes des Iris","Gesch\u00e4tzte Lesezeit":"2\u00a0Minuten"},"schema":{"@context":"https:\/\/schema.org","@graph":[{"@type":"Article","@id":"https:\/\/portesdesiris.ch\/les-nouvelles-portes-des-iris\/#article","isPartOf":{"@id":"https:\/\/portesdesiris.ch\/les-nouvelles-portes-des-iris\/"},"author":{"name":"Portes des Iris","@id":"https:\/\/portesdesiris.ch\/de\/#\/schema\/person\/1fec589d003851c4ffe308e8071bffeb"},"headline":"Les nouvelles Portes\u2026..des Iris\u00a0!","datePublished":"2020-01-31T09:45:50+00:00","dateModified":"2020-02-24T07:53:41+00:00","mainEntityOfPage":{"@id":"https:\/\/portesdesiris.ch\/les-nouvelles-portes-des-iris\/"},"wordCount":351,"commentCount":0,"image":{"@id":"https:\/\/portesdesiris.ch\/les-nouvelles-portes-des-iris\/#primaryimage"},"thumbnailUrl":"https:\/\/portesdesiris.ch\/wp-content\/uploads\/2020\/01\/portes-des-iris-salle-iris-e1580462790305.jpg","articleSection":["Blog","Entreprises","Ev\u00e9nements","Jardins des Iris","Le domaine"],"inLanguage":"de","potentialAction":[{"@type":"CommentAction","name":"Comment","target":["https:\/\/portesdesiris.ch\/les-nouvelles-portes-des-iris\/#respond"]}]},{"@type":"WebPage","@id":"https:\/\/portesdesiris.ch\/les-nouvelles-portes-des-iris\/","url":"https:\/\/portesdesiris.ch\/les-nouvelles-portes-des-iris\/","name":"Les nouvelles Portes\u2026..des Iris\u00a0! - Portes des Iris","isPartOf":{"@id":"https:\/\/portesdesiris.ch\/de\/#website"},"primaryImageOfPage":{"@id":"https:\/\/portesdesiris.ch\/les-nouvelles-portes-des-iris\/#primaryimage"},"image":{"@id":"https:\/\/portesdesiris.ch\/les-nouvelles-portes-des-iris\/#primaryimage"},"thumbnailUrl":"https:\/\/portesdesiris.ch\/wp-content\/uploads\/2020\/01\/portes-des-iris-salle-iris-e1580462790305.jpg","datePublished":"2020-01-31T09:45:50+00:00","dateModified":"2020-02-24T07:53:41+00:00","author":{"@id":"https:\/\/portesdesiris.ch\/de\/#\/schema\/person\/1fec589d003851c4ffe308e8071bffeb"},"breadcrumb":{"@id":"https:\/\/portesdesiris.ch\/les-nouvelles-portes-des-iris\/#breadcrumb"},"inLanguage":"de","potentialAction":[{"@type":"ReadAction","target":["https:\/\/portesdesiris.ch\/les-nouvelles-portes-des-iris\/"]}]},{"@type":"ImageObject","inLanguage":"de","@id":"https:\/\/portesdesiris.ch\/les-nouvelles-portes-des-iris\/#primaryimage","url":"https:\/\/portesdesiris.ch\/wp-content\/uploads\/2020\/01\/portes-des-iris-salle-iris-e1580462790305.jpg","contentUrl":"https:\/\/portesdesiris.ch\/wp-content\/uploads\/2020\/01\/portes-des-iris-salle-iris-e1580462790305.jpg","width":1000,"height":971,"caption":"portes-des-iris-salle-iris"},{"@type":"BreadcrumbList","@id":"https:\/\/portesdesiris.ch\/les-nouvelles-portes-des-iris\/#breadcrumb","itemListElement":[{"@type":"ListItem","position":1,"name":"Accueil","item":"https:\/\/portesdesiris.ch\/de\/"},{"@type":"ListItem","position":2,"name":"Les nouvelles Portes\u2026..des Iris\u00a0!"}]},{"@type":"WebSite","@id":"https:\/\/portesdesiris.ch\/de\/#website","url":"https:\/\/portesdesiris.ch\/de\/","name":"Portes des Iris","description":"","potentialAction":[{"@type":"SearchAction","target":{"@type":"EntryPoint","urlTemplate":"https:\/\/portesdesiris.ch\/de\/?s={search_term_string}"},"query-input":{"@type":"PropertyValueSpecification","valueRequired":true,"valueName":"search_term_string"}}],"inLanguage":"de"},{"@type":"Person","@id":"https:\/\/portesdesiris.ch\/de\/#\/schema\/person\/1fec589d003851c4ffe308e8071bffeb","name":"Portes des Iris","image":{"@type":"ImageObject","inLanguage":"de","@id":"https:\/\/portesdesiris.ch\/de\/#\/schema\/person\/image\/","url":"https:\/\/secure.gravatar.com\/avatar\/130218f921c4cc9c452a947ae622f180eddde80d56f659695eaebe8acade8074?s=96&d=mm&r=g","contentUrl":"https:\/\/secure.gravatar.com\/avatar\/130218f921c4cc9c452a947ae622f180eddde80d56f659695eaebe8acade8074?s=96&d=mm&r=g","caption":"Portes des Iris"},"url":"https:\/\/portesdesiris.ch\/de\/author\/portesdesiris\/"}]}},"_links":{"self":[{"href":"https:\/\/portesdesiris.ch\/de\/wp-json\/wp\/v2\/posts\/9042","targetHints":{"allow":["GET"]}}],"collection":[{"href":"https:\/\/portesdesiris.ch\/de\/wp-json\/wp\/v2\/posts"}],"about":[{"href":"https:\/\/portesdesiris.ch\/de\/wp-json\/wp\/v2\/types\/post"}],"author":[{"embeddable":true,"href":"https:\/\/portesdesiris.ch\/de\/wp-json\/wp\/v2\/users\/6"}],"replies":[{"embeddable":true,"href":"https:\/\/portesdesiris.ch\/de\/wp-json\/wp\/v2\/comments?post=9042"}],"version-history":[{"count":0,"href":"https:\/\/portesdesiris.ch\/de\/wp-json\/wp\/v2\/posts\/9042\/revisions"}],"wp:featuredmedia":[{"embeddable":true,"href":"https:\/\/portesdesiris.ch\/de\/wp-json\/wp\/v2\/media\/9050"}],"wp:attachment":[{"href":"https:\/\/portesdesiris.ch\/de\/wp-json\/wp\/v2\/media?parent=9042"}],"wp:term":[{"taxonomy":"category","embeddable":true,"href":"https:\/\/portesdesiris.ch\/de\/wp-json\/wp\/v2\/categories?post=9042"},{"taxonomy":"post_tag","embeddable":true,"href":"https:\/\/portesdesiris.ch\/de\/wp-json\/wp\/v2\/tags?post=9042"}],"curies":[{"name":"wp","href":"https:\/\/api.w.org\/{rel}","templated":true}]}}