{"id":8454,"date":"2020-01-31T16:07:48","date_gmt":"2020-01-31T15:07:48","guid":{"rendered":"https:\/\/portesdesiris.ch\/?p=8454"},"modified":"2025-03-06T10:21:19","modified_gmt":"2025-03-06T09:21:19","slug":"le-mariage-en-hiver-de-lyse-et-guillaume-aux-portes-des-iris","status":"publish","type":"post","link":"https:\/\/portesdesiris.ch\/de\/le-mariage-en-hiver-de-lyse-et-guillaume-aux-portes-des-iris\/","title":{"rendered":"Le mariage en hiver de Lyse et Guillaume aux Portes des Iris"},"content":{"rendered":"<div class=\"\">\n<p style=\"text-align: center;\">Depuis quelques temps d\u00e9j\u00e0, la tendance est au Mariage Hiver! Tout est plus facile \u00e0 organiser, aucun souci avec la m\u00e9t\u00e9o, les pollens ou le risque d&#8217;orage pendant l&#8217;ap\u00e9ritif&#8230; Aux Portes des Iris, nous avons une formule Mariage Hiver qui vous permet de vous marier \u00e0 prix doux, de b\u00e9n\u00e9ficier de petits cadeaux et surtout de profiter plus sereinement de vos invit\u00e9s, puisqu&#8217;il y a moins de risque que ceux-ci soient en vacances ou en examen!<\/p>\n<\/div>\n<p style=\"text-align: center;\"><!--more--><\/p>\n<p style=\"text-align: center;\">Nous gardons un excellent souvenir de ce magnifique couple qui s&#8217;est dit oui chez nous le 11 f\u00e9vrier 2017.<\/p>\n<p style=\"text-align: center;\">Merci \u00e0 Lyse et Guillaume pour le partage de leurs impressions, en images et en t\u00e9moignages.<\/p>\n<p style=\"text-align: center;\"><em>Tout d&#8217;abord, quelle est la premi\u00e8re chose qui vous vient \u00e0 l&#8217;esprit quand vous repensez \u00e0 Portes des Iris ?<\/em><br \/>\n<em>Vous souvenez-vous comment vous nous aviez d\u00e9couvert ?<\/em><\/p>\n<p style=\"text-align: center;\">&#8211; Bien s\u00fbr que nous nous souvenons d&#8217;une chose: notre magnifique mariage!\u00a0Lyse connaissait le domaine depuis petite: elle \u00e9tait venue venue voir les <a href=\"https:\/\/chateauvullierens.ch\">jardins d&#8217;iris<\/a> avec ses parents. Puis, plus tard, nous avons vu d\u2019autres photos de mariage qui se sont d\u00e9roul\u00e9s\u00a0au domaine.<\/p>\n<p style=\"text-align: center;\">Suivez-nous sur nos r\u00e9seaux sociaux <a href=\"https:\/\/www.instagram.com\/portesdesiris\/\">Instagram<\/a>, <a href=\"https:\/\/www.facebook.com\/portesdesiris\/\">Facebook<\/a> et <a href=\"https:\/\/www.pinterest.fr\/portesdesiris\/\">Pinterest<\/a>!<\/p>\n<p style=\"text-align: center;\"><em>Lors de votre premi\u00e8re visite de Portes des Iris, qu&#8217;est ce qui vous a marqu\u00e9 ?<\/em><\/p>\n<p style=\"text-align: center;\">&#8211; La fa\u00e7ade \u00e9clair\u00e9e de nuit.<\/p>\n<div class=\"\">\n<div>\n\n\t\t<style type=\"text\/css\">\n\t\t\t#gallery-1 {\n\t\t\t\tmargin: auto;\n\t\t\t}\n\t\t\t#gallery-1 .gallery-item {\n\t\t\t\tfloat: left;\n\t\t\t\tmargin-top: 10px;\n\t\t\t\ttext-align: center;\n\t\t\t\twidth: 50%;\n\t\t\t}\n\t\t\t#gallery-1 img {\n\t\t\t\tborder: 2px solid #cfcfcf;\n\t\t\t}\n\t\t\t#gallery-1 .gallery-caption {\n\t\t\t\tmargin-left: 0;\n\t\t\t}\n\t\t\t\/* see gallery_shortcode() in wp-includes\/media.php *\/\n\t\t<\/style>\n\t\t<div id='gallery-1' class='gallery galleryid-8454 gallery-columns-2 gallery-size-large'><dl class='gallery-item'>\n\t\t\t<dt class='gallery-icon landscape'>\n\t\t\t\t<a href='https:\/\/portesdesiris.ch\/de\/strobino-11-02-17_joao-images_10-copie-jpeg-2\/'><img loading=\"lazy\" decoding=\"async\" width=\"1024\" height=\"684\" src=\"https:\/\/portesdesiris.ch\/wp-content\/uploads\/2020\/01\/Strobino-11.02.17_Joao-Images_10-copie.jpeg-1024x684.jpg\" class=\"attachment-large size-large\" alt=\"portes-des-iris-mariage-hiver-cour-nuit.jpeg\" aria-describedby=\"gallery-1-8447\" srcset=\"https:\/\/portesdesiris.ch\/wp-content\/uploads\/2020\/01\/Strobino-11.02.17_Joao-Images_10-copie.jpeg-1024x684.jpg 1024w, https:\/\/portesdesiris.ch\/wp-content\/uploads\/2020\/01\/Strobino-11.02.17_Joao-Images_10-copie.jpeg-300x200.jpg 300w, https:\/\/portesdesiris.ch\/wp-content\/uploads\/2020\/01\/Strobino-11.02.17_Joao-Images_10-copie.jpeg-768x513.jpg 768w, https:\/\/portesdesiris.ch\/wp-content\/uploads\/2020\/01\/Strobino-11.02.17_Joao-Images_10-copie.jpeg.jpg 1504w\" sizes=\"auto, (max-width: 1024px) 100vw, 1024px\" \/><\/a>\n\t\t\t<\/dt>\n\t\t\t\t<dd class='wp-caption-text gallery-caption' id='gallery-1-8447'>\n\t\t\t\tPhoto: Joao-Images\n\t\t\t\t<\/dd><\/dl><dl class='gallery-item'>\n\t\t\t<dt class='gallery-icon landscape'>\n\t\t\t\t<a href='https:\/\/portesdesiris.ch\/de\/strobino-11-02-17_joao-images_6-copie-jpeg-2\/'><img loading=\"lazy\" decoding=\"async\" width=\"1024\" height=\"683\" src=\"https:\/\/portesdesiris.ch\/wp-content\/uploads\/2020\/01\/Strobino-11.02.17_Joao-Images_6-copie.jpeg-1024x683.jpg\" class=\"attachment-large size-large\" alt=\"portes-des-iris-mariage-hiver-illumination-cour.jpeg\" aria-describedby=\"gallery-1-8438\" srcset=\"https:\/\/portesdesiris.ch\/wp-content\/uploads\/2020\/01\/Strobino-11.02.17_Joao-Images_6-copie.jpeg-1024x683.jpg 1024w, https:\/\/portesdesiris.ch\/wp-content\/uploads\/2020\/01\/Strobino-11.02.17_Joao-Images_6-copie.jpeg-300x200.jpg 300w, https:\/\/portesdesiris.ch\/wp-content\/uploads\/2020\/01\/Strobino-11.02.17_Joao-Images_6-copie.jpeg-768x512.jpg 768w, https:\/\/portesdesiris.ch\/wp-content\/uploads\/2020\/01\/Strobino-11.02.17_Joao-Images_6-copie.jpeg.jpg 1469w\" sizes=\"auto, (max-width: 1024px) 100vw, 1024px\" \/><\/a>\n\t\t\t<\/dt>\n\t\t\t\t<dd class='wp-caption-text gallery-caption' id='gallery-1-8438'>\n\t\t\t\tPhoto: Joao-Images\n\t\t\t\t<\/dd><\/dl><br style=\"clear: both\" \/>\n\t\t<\/div>\n\n<\/div>\n<div>\n<div class=\"\">\n<div class=\"\">\n<div class=\"\">\n<p style=\"text-align: center;\"><em>Quelles sont les raisons qui vous ont fait vous d\u00e9cider pour Portes des Iris afin de c\u00e9l\u00e9brer votre Grand-Jour ?<\/em><\/p>\n<p style=\"text-align: center;\">&#8211; La magie et la beaut\u00e9 du lieu, les prestations offertes, vous (Corinne), l\u2019attention et l\u2019excitation que l\u2019\u00e9quipe nous a apport\u00e9s. Vu l\u2019accompagnement, vos commentaires et vos r\u00e9actions, nous avions eu l\u2019impression que notre mariage \u00e9tait le plus beau de tous \ud83d\ude09<\/p>\n<\/div>\n<\/div>\n<\/div>\n<div class=\"\">\n<div class=\"\">\n<div class=\"\">\n<p style=\"text-align: center;\">Malgr\u00e9 la quantit\u00e9 que vous organisez&#8230; BRAVO!<\/p>\n<\/div>\n<\/div>\n<\/div>\n<\/div>\n<div>\n<blockquote class=\"\">\n<div class=\"\">\n<div class=\"\">\n<div class=\"\">\n\n\t\t<style type=\"text\/css\">\n\t\t\t#gallery-2 {\n\t\t\t\tmargin: auto;\n\t\t\t}\n\t\t\t#gallery-2 .gallery-item {\n\t\t\t\tfloat: left;\n\t\t\t\tmargin-top: 10px;\n\t\t\t\ttext-align: center;\n\t\t\t\twidth: 100%;\n\t\t\t}\n\t\t\t#gallery-2 img {\n\t\t\t\tborder: 2px solid #cfcfcf;\n\t\t\t}\n\t\t\t#gallery-2 .gallery-caption {\n\t\t\t\tmargin-left: 0;\n\t\t\t}\n\t\t\t\/* see gallery_shortcode() in wp-includes\/media.php *\/\n\t\t<\/style>\n\t\t<div id='gallery-2' class='gallery galleryid-8454 gallery-columns-1 gallery-size-full'><dl class='gallery-item'>\n\t\t\t<dt class='gallery-icon portrait'>\n\t\t\t\t<a href='https:\/\/portesdesiris.ch\/de\/strobino-11-02-17_joao-images_12-copie-jpeg-2\/'><img loading=\"lazy\" decoding=\"async\" width=\"512\" height=\"767\" src=\"https:\/\/portesdesiris.ch\/wp-content\/uploads\/2020\/01\/Strobino-11.02.17_Joao-Images_12-copie.jpeg.jpg\" class=\"attachment-full size-full\" alt=\"portes-des-iris-mariage-hiver-feux-artifices.jpeg\" aria-describedby=\"gallery-2-8453\" srcset=\"https:\/\/portesdesiris.ch\/wp-content\/uploads\/2020\/01\/Strobino-11.02.17_Joao-Images_12-copie.jpeg.jpg 512w, https:\/\/portesdesiris.ch\/wp-content\/uploads\/2020\/01\/Strobino-11.02.17_Joao-Images_12-copie.jpeg-200x300.jpg 200w\" sizes=\"auto, (max-width: 512px) 100vw, 512px\" \/><\/a>\n\t\t\t<\/dt>\n\t\t\t\t<dd class='wp-caption-text gallery-caption' id='gallery-2-8453'>\n\t\t\t\tPhoto: Joao-Images\n\t\t\t\t<\/dd><\/dl><br style=\"clear: both\" \/>\n\t\t<\/div>\n\n<p style=\"text-align: center;\"><i class=\"\"><br class=\"\" \/><span class=\"\">Avez-vous fait appel \u00e0 l&#8217;aide d&#8217;une des coordinatrices de Portes des Iris durant la pr\u00e9paration de votre mariage ?\u00a0<\/span><span class=\"\">Si oui, quelle a \u00e9t\u00e9 votre exp\u00e9rience avec celle-ci et quelle influence cette aide a-t-elle eu sur vos pr\u00e9paratifs?<\/span><\/i><\/p>\n<\/div>\n<\/div>\n<\/div>\n<\/blockquote>\n<p style=\"text-align: center;\"><span class=\"\">&#8211; Oui, Corinne; elle nous a apport\u00e9 u<\/span><span class=\"\">ne aide pr\u00e9cieuse et personnalis\u00e9<\/span>e<span class=\"\">, des conseils et des id\u00e9es remarquables. Elle nous a donn\u00e9 une ligne directrice et nous avons pu cr\u00e9er notre mariage autour de celle-ci.\u00a0<\/span><\/p>\n<p style=\"text-align: center;\">C&#8217;est toujours un plaisir de pouvoir vous accompagner, vous conseiller, vous aider lors de vos pr\u00e9paratifs de mariage. N&#8217;h\u00e9sitez pas \u00e0 d\u00e9l\u00e9guer, nous sommes l\u00e0 pour vous! Notre r\u00f4le est de faire en sorte que tout se passe selon vos d\u00e9sirs, nous sommes pr\u00e9sentes le jour de votre mariage, afin de superviser les pr\u00e9paratifs, accueillir vos invit\u00e9s, pr\u00e9parer les diff\u00e9rentes salles de r\u00e9ception et veiller \u00e0 ce que tout le monde soit d\u00e9tendu et serein. L&#8217;une de nous trois sera l\u00e0 pour vous!<\/p>\n\n\t\t<style type=\"text\/css\">\n\t\t\t#gallery-3 {\n\t\t\t\tmargin: auto;\n\t\t\t}\n\t\t\t#gallery-3 .gallery-item {\n\t\t\t\tfloat: left;\n\t\t\t\tmargin-top: 10px;\n\t\t\t\ttext-align: center;\n\t\t\t\twidth: 33%;\n\t\t\t}\n\t\t\t#gallery-3 img {\n\t\t\t\tborder: 2px solid #cfcfcf;\n\t\t\t}\n\t\t\t#gallery-3 .gallery-caption {\n\t\t\t\tmargin-left: 0;\n\t\t\t}\n\t\t\t\/* see gallery_shortcode() in wp-includes\/media.php *\/\n\t\t<\/style>\n\t\t<div id='gallery-3' class='gallery galleryid-8454 gallery-columns-3 gallery-size-large'><dl class='gallery-item'>\n\t\t\t<dt class='gallery-icon portrait'>\n\t\t\t\t<a href='https:\/\/portesdesiris.ch\/de\/portes-des-iris-corinne-salvisberg-2\/'><img loading=\"lazy\" decoding=\"async\" width=\"679\" height=\"1024\" src=\"https:\/\/portesdesiris.ch\/wp-content\/uploads\/2020\/01\/portes-des-iris-corinne-salvisberg-679x1024.jpg\" class=\"attachment-large size-large\" alt=\"Corinne Salvisberg-Perrone, responsable des \u00e9v\u00e9nements \u00e0 Portes des Iris\" aria-describedby=\"gallery-3-8520\" srcset=\"https:\/\/portesdesiris.ch\/wp-content\/uploads\/2020\/01\/portes-des-iris-corinne-salvisberg-679x1024.jpg 679w, https:\/\/portesdesiris.ch\/wp-content\/uploads\/2020\/01\/portes-des-iris-corinne-salvisberg-199x300.jpg 199w, https:\/\/portesdesiris.ch\/wp-content\/uploads\/2020\/01\/portes-des-iris-corinne-salvisberg-768x1159.jpg 768w, https:\/\/portesdesiris.ch\/wp-content\/uploads\/2020\/01\/portes-des-iris-corinne-salvisberg.jpg 1000w\" sizes=\"auto, (max-width: 679px) 100vw, 679px\" \/><\/a>\n\t\t\t<\/dt>\n\t\t\t\t<dd class='wp-caption-text gallery-caption' id='gallery-3-8520'>\n\t\t\t\tCorinne Salvisberg Perrone\n\t\t\t\t<\/dd><\/dl><dl class='gallery-item'>\n\t\t\t<dt class='gallery-icon portrait'>\n\t\t\t\t<a href='https:\/\/portesdesiris.ch\/de\/portes-des-iris-portrait-sophie-bertorelli-2019-2\/'><img loading=\"lazy\" decoding=\"async\" width=\"683\" height=\"1024\" src=\"https:\/\/portesdesiris.ch\/wp-content\/uploads\/2020\/01\/portes-des-iris-portrait-sophie-bertorelli-2019-683x1024.jpg\" class=\"attachment-large size-large\" alt=\"portes-des-iris-portrait-sophie-bertorelli-2019\" aria-describedby=\"gallery-3-9146\" srcset=\"https:\/\/portesdesiris.ch\/wp-content\/uploads\/2020\/01\/portes-des-iris-portrait-sophie-bertorelli-2019-683x1024.jpg 683w, https:\/\/portesdesiris.ch\/wp-content\/uploads\/2020\/01\/portes-des-iris-portrait-sophie-bertorelli-2019-200x300.jpg 200w, https:\/\/portesdesiris.ch\/wp-content\/uploads\/2020\/01\/portes-des-iris-portrait-sophie-bertorelli-2019-768x1152.jpg 768w, https:\/\/portesdesiris.ch\/wp-content\/uploads\/2020\/01\/portes-des-iris-portrait-sophie-bertorelli-2019-1024x1536.jpg 1024w, https:\/\/portesdesiris.ch\/wp-content\/uploads\/2020\/01\/portes-des-iris-portrait-sophie-bertorelli-2019-1365x2048.jpg 1365w, https:\/\/portesdesiris.ch\/wp-content\/uploads\/2020\/01\/portes-des-iris-portrait-sophie-bertorelli-2019.jpg 1280w\" sizes=\"auto, (max-width: 683px) 100vw, 683px\" \/><\/a>\n\t\t\t<\/dt>\n\t\t\t\t<dd class='wp-caption-text gallery-caption' id='gallery-3-9146'>\n\t\t\t\tSophie Bertorelli \/ General Manager\n\t\t\t\t<\/dd><\/dl><dl class='gallery-item'>\n\t\t\t<dt class='gallery-icon portrait'>\n\t\t\t\t<a href='https:\/\/portesdesiris.ch\/de\/portes-des-iris-aurore-decomarmond-2\/'><img loading=\"lazy\" decoding=\"async\" width=\"683\" height=\"1024\" src=\"https:\/\/portesdesiris.ch\/wp-content\/uploads\/2020\/01\/portes-des-iris-aurore-decomarmond-683x1024.jpg\" class=\"attachment-large size-large\" alt=\"\" aria-describedby=\"gallery-3-8517\" srcset=\"https:\/\/portesdesiris.ch\/wp-content\/uploads\/2020\/01\/portes-des-iris-aurore-decomarmond-683x1024.jpg 683w, https:\/\/portesdesiris.ch\/wp-content\/uploads\/2020\/01\/portes-des-iris-aurore-decomarmond-200x300.jpg 200w, https:\/\/portesdesiris.ch\/wp-content\/uploads\/2020\/01\/portes-des-iris-aurore-decomarmond-768x1152.jpg 768w, https:\/\/portesdesiris.ch\/wp-content\/uploads\/2020\/01\/portes-des-iris-aurore-decomarmond.jpg 1000w\" sizes=\"auto, (max-width: 683px) 100vw, 683px\" \/><\/a>\n\t\t\t<\/dt>\n\t\t\t\t<dd class='wp-caption-text gallery-caption' id='gallery-3-8517'>\n\t\t\t\tAurore de Comarmond\n\t\t\t\t<\/dd><\/dl><br style=\"clear: both\" \/>\n\t\t<\/div>\n\n<\/div>\n<div>\n<blockquote class=\"\">\n<div class=\"\">\n<div class=\"\">\n<div class=\"\" style=\"text-align: center;\"><i class=\"\"><span class=\"\">Et ce grand jour alors ? quel a \u00e9t\u00e9 le moment plus marquant de votre Jour-J ?<\/span><br class=\"\" \/><\/i><\/div>\n<\/div>\n<\/div>\n<\/blockquote>\n<div style=\"text-align: center;\"><span class=\"\">&#8211; Difficile \u00e0 dire, car il y en a eu beaucoup. Le moment du repas dans cette belle salle peut-\u00eatre.<\/span><\/div>\n<\/div>\n<div>\n\n\t\t<style type=\"text\/css\">\n\t\t\t#gallery-4 {\n\t\t\t\tmargin: auto;\n\t\t\t}\n\t\t\t#gallery-4 .gallery-item {\n\t\t\t\tfloat: left;\n\t\t\t\tmargin-top: 10px;\n\t\t\t\ttext-align: center;\n\t\t\t\twidth: 100%;\n\t\t\t}\n\t\t\t#gallery-4 img {\n\t\t\t\tborder: 2px solid #cfcfcf;\n\t\t\t}\n\t\t\t#gallery-4 .gallery-caption {\n\t\t\t\tmargin-left: 0;\n\t\t\t}\n\t\t\t\/* see gallery_shortcode() in wp-includes\/media.php *\/\n\t\t<\/style>\n\t\t<div id='gallery-4' class='gallery galleryid-8454 gallery-columns-1 gallery-size-full'><dl class='gallery-item'>\n\t\t\t<dt class='gallery-icon landscape'>\n\t\t\t\t<a href='https:\/\/portesdesiris.ch\/de\/strobino-11-02-17_joao-images_5-copie-jpeg-2\/'><img loading=\"lazy\" decoding=\"async\" width=\"1442\" height=\"963\" src=\"https:\/\/portesdesiris.ch\/wp-content\/uploads\/2020\/01\/Strobino-11.02.17_Joao-Images_5-copie.jpeg.jpg\" class=\"attachment-full size-full\" alt=\"portes-des-iris-mariage-hiver-art-de-la-table-diner.jpeg\" aria-describedby=\"gallery-4-8435\" srcset=\"https:\/\/portesdesiris.ch\/wp-content\/uploads\/2020\/01\/Strobino-11.02.17_Joao-Images_5-copie.jpeg.jpg 1442w, https:\/\/portesdesiris.ch\/wp-content\/uploads\/2020\/01\/Strobino-11.02.17_Joao-Images_5-copie.jpeg-300x200.jpg 300w, https:\/\/portesdesiris.ch\/wp-content\/uploads\/2020\/01\/Strobino-11.02.17_Joao-Images_5-copie.jpeg-1024x684.jpg 1024w, https:\/\/portesdesiris.ch\/wp-content\/uploads\/2020\/01\/Strobino-11.02.17_Joao-Images_5-copie.jpeg-768x513.jpg 768w\" sizes=\"auto, (max-width: 1442px) 100vw, 1442px\" \/><\/a>\n\t\t\t<\/dt>\n\t\t\t\t<dd class='wp-caption-text gallery-caption' id='gallery-4-8435'>\n\t\t\t\tPhoto: Joao-Images\n\t\t\t\t<\/dd><\/dl><br style=\"clear: both\" \/>\n\t\t<\/div>\n\n<\/div>\n<div>\n<blockquote class=\"\">\n<div class=\"\">\n<div class=\"\">\n<div class=\"\" style=\"text-align: center;\"><i class=\"\"><span class=\"\">Quelle empreinte le lieu a-t-il eu sur cette belle journ\u00e9e ?<\/span><\/i><\/div>\n<\/div>\n<\/div>\n<\/blockquote>\n<div class=\"\">\n<div class=\"\">\n<div class=\"\" style=\"text-align: center;\"><span class=\"\">&#8211; Majeure ! D\u2019ailleurs nos invit\u00e9s en parle<\/span>nt<span class=\"\">\u00a0toujours \ud83d\ude09 Du reste, p<\/span><span class=\"\">lus personne n\u2019ose se marier autour de nous, ou en tout cas, nous ne sommes pas invit\u00e9s de peur de faire moins bien \ud83d\ude42<\/span><i class=\"\"><br \/>\n<\/i><\/div>\n<div><\/div>\n<\/div>\n<\/div>\n\n\t\t<style type=\"text\/css\">\n\t\t\t#gallery-5 {\n\t\t\t\tmargin: auto;\n\t\t\t}\n\t\t\t#gallery-5 .gallery-item {\n\t\t\t\tfloat: left;\n\t\t\t\tmargin-top: 10px;\n\t\t\t\ttext-align: center;\n\t\t\t\twidth: 50%;\n\t\t\t}\n\t\t\t#gallery-5 img {\n\t\t\t\tborder: 2px solid #cfcfcf;\n\t\t\t}\n\t\t\t#gallery-5 .gallery-caption {\n\t\t\t\tmargin-left: 0;\n\t\t\t}\n\t\t\t\/* see gallery_shortcode() in wp-includes\/media.php *\/\n\t\t<\/style>\n\t\t<div id='gallery-5' class='gallery galleryid-8454 gallery-columns-2 gallery-size-full'><dl class='gallery-item'>\n\t\t\t<dt class='gallery-icon landscape'>\n\t\t\t\t<a href='https:\/\/portesdesiris.ch\/de\/strobino-11-02-17_joao-images_2-copie-jpeg-2\/'><img loading=\"lazy\" decoding=\"async\" width=\"1427\" height=\"953\" src=\"https:\/\/portesdesiris.ch\/wp-content\/uploads\/2020\/01\/Strobino-11.02.17_Joao-Images_2-copie.jpeg.jpg\" class=\"attachment-full size-full\" alt=\"portes-des-iris-mariage-hiver-ceremonie-athena.jpeg\" aria-describedby=\"gallery-5-8429\" srcset=\"https:\/\/portesdesiris.ch\/wp-content\/uploads\/2020\/01\/Strobino-11.02.17_Joao-Images_2-copie.jpeg.jpg 1427w, https:\/\/portesdesiris.ch\/wp-content\/uploads\/2020\/01\/Strobino-11.02.17_Joao-Images_2-copie.jpeg-300x200.jpg 300w, https:\/\/portesdesiris.ch\/wp-content\/uploads\/2020\/01\/Strobino-11.02.17_Joao-Images_2-copie.jpeg-1024x684.jpg 1024w, https:\/\/portesdesiris.ch\/wp-content\/uploads\/2020\/01\/Strobino-11.02.17_Joao-Images_2-copie.jpeg-768x513.jpg 768w\" sizes=\"auto, (max-width: 1427px) 100vw, 1427px\" \/><\/a>\n\t\t\t<\/dt>\n\t\t\t\t<dd class='wp-caption-text gallery-caption' id='gallery-5-8429'>\n\t\t\t\tPhoto: Joao-Images\n\t\t\t\t<\/dd><\/dl><dl class='gallery-item'>\n\t\t\t<dt class='gallery-icon landscape'>\n\t\t\t\t<a href='https:\/\/portesdesiris.ch\/de\/strobino-11-02-17_joao-images_9-copie-jpeg-2\/'><img loading=\"lazy\" decoding=\"async\" width=\"1167\" height=\"779\" src=\"https:\/\/portesdesiris.ch\/wp-content\/uploads\/2020\/01\/Strobino-11.02.17_Joao-Images_9-copie.jpeg.jpg\" class=\"attachment-full size-full\" alt=\"portes-des-iris-mariage-hiver-cigare-lounge.jpeg\" aria-describedby=\"gallery-5-8444\" srcset=\"https:\/\/portesdesiris.ch\/wp-content\/uploads\/2020\/01\/Strobino-11.02.17_Joao-Images_9-copie.jpeg.jpg 1167w, https:\/\/portesdesiris.ch\/wp-content\/uploads\/2020\/01\/Strobino-11.02.17_Joao-Images_9-copie.jpeg-300x200.jpg 300w, https:\/\/portesdesiris.ch\/wp-content\/uploads\/2020\/01\/Strobino-11.02.17_Joao-Images_9-copie.jpeg-1024x684.jpg 1024w, https:\/\/portesdesiris.ch\/wp-content\/uploads\/2020\/01\/Strobino-11.02.17_Joao-Images_9-copie.jpeg-768x513.jpg 768w\" sizes=\"auto, (max-width: 1167px) 100vw, 1167px\" \/><\/a>\n\t\t\t<\/dt>\n\t\t\t\t<dd class='wp-caption-text gallery-caption' id='gallery-5-8444'>\n\t\t\t\tPhoto: Joao-Images\n\t\t\t\t<\/dd><\/dl><br style=\"clear: both\" \/>\n\t\t<\/div>\n\n<blockquote class=\"\">\n<div class=\"\">\n<div class=\"\">\n<div class=\"\" style=\"text-align: center;\"><span class=\"\"><span class=\"\" style=\"color: #151b26;\"><i class=\"\">Quelle serait votre recommandation \u00e0 des futurs mari\u00e9s ?\u00a0\u00bb<\/i><\/span><\/span><\/div>\n<\/div>\n<\/div>\n<\/blockquote>\n<p style=\"text-align: center;\"><span class=\"\">&#8211; Privatiser le lieu, faire<\/span><span class=\"\">\u00a0en hiver, faire confiance aux coordinatrices et choisir Cinq Sens comme traiteur!<\/span><\/p>\n\n\t\t<style type=\"text\/css\">\n\t\t\t#gallery-6 {\n\t\t\t\tmargin: auto;\n\t\t\t}\n\t\t\t#gallery-6 .gallery-item {\n\t\t\t\tfloat: left;\n\t\t\t\tmargin-top: 10px;\n\t\t\t\ttext-align: center;\n\t\t\t\twidth: 33%;\n\t\t\t}\n\t\t\t#gallery-6 img {\n\t\t\t\tborder: 2px solid #cfcfcf;\n\t\t\t}\n\t\t\t#gallery-6 .gallery-caption {\n\t\t\t\tmargin-left: 0;\n\t\t\t}\n\t\t\t\/* see gallery_shortcode() in wp-includes\/media.php *\/\n\t\t<\/style>\n\t\t<div id='gallery-6' class='gallery galleryid-8454 gallery-columns-3 gallery-size-large'><dl class='gallery-item'>\n\t\t\t<dt class='gallery-icon portrait'>\n\t\t\t\t<a href='https:\/\/portesdesiris.ch\/de\/bapteme-dexception-pleine-nature\/portesdesiris_decouvreznostraiteurs_cinqsens2\/'><img loading=\"lazy\" decoding=\"async\" width=\"682\" height=\"1024\" src=\"https:\/\/portesdesiris.ch\/wp-content\/uploads\/2016\/07\/portesdesiris_decouvreznostraiteurs_cinqsens2-682x1024.jpg\" class=\"attachment-large size-large\" alt=\"portesdesiris_decouvreznostraiteurs_cinqsens2\" srcset=\"https:\/\/portesdesiris.ch\/wp-content\/uploads\/2016\/07\/portesdesiris_decouvreznostraiteurs_cinqsens2-682x1024.jpg 682w, https:\/\/portesdesiris.ch\/wp-content\/uploads\/2016\/07\/portesdesiris_decouvreznostraiteurs_cinqsens2-200x300.jpg 200w, https:\/\/portesdesiris.ch\/wp-content\/uploads\/2016\/07\/portesdesiris_decouvreznostraiteurs_cinqsens2-768x1154.jpg 768w, https:\/\/portesdesiris.ch\/wp-content\/uploads\/2016\/07\/portesdesiris_decouvreznostraiteurs_cinqsens2.jpg 1278w\" sizes=\"auto, (max-width: 682px) 100vw, 682px\" \/><\/a>\n\t\t\t<\/dt><\/dl><dl class='gallery-item'>\n\t\t\t<dt class='gallery-icon portrait'>\n\t\t\t\t<a href='https:\/\/portesdesiris.ch\/de\/liberez-vos-cinq-sens\/sc-388\/'><img loading=\"lazy\" decoding=\"async\" width=\"683\" height=\"1024\" src=\"https:\/\/portesdesiris.ch\/wp-content\/uploads\/2017\/12\/sc-388-683x1024.jpg\" class=\"attachment-large size-large\" alt=\"portesdesiris_inspirezvous_traiteur_cinqsens\" srcset=\"https:\/\/portesdesiris.ch\/wp-content\/uploads\/2017\/12\/sc-388-683x1024.jpg 683w, https:\/\/portesdesiris.ch\/wp-content\/uploads\/2017\/12\/sc-388-200x300.jpg 200w, https:\/\/portesdesiris.ch\/wp-content\/uploads\/2017\/12\/sc-388-768x1152.jpg 768w, https:\/\/portesdesiris.ch\/wp-content\/uploads\/2017\/12\/sc-388.jpg 1280w\" sizes=\"auto, (max-width: 683px) 100vw, 683px\" \/><\/a>\n\t\t\t<\/dt><\/dl><dl class='gallery-item'>\n\t\t\t<dt class='gallery-icon portrait'>\n\t\t\t\t<a href='https:\/\/portesdesiris.ch\/de\/liberez-vos-cinq-sens\/sc-777\/'><img loading=\"lazy\" decoding=\"async\" width=\"683\" height=\"1024\" src=\"https:\/\/portesdesiris.ch\/wp-content\/uploads\/2017\/12\/sc-777-683x1024.jpg\" class=\"attachment-large size-large\" alt=\"portesdesiris_inspirezvous_traiteur_cinqsens\" srcset=\"https:\/\/portesdesiris.ch\/wp-content\/uploads\/2017\/12\/sc-777-683x1024.jpg 683w, https:\/\/portesdesiris.ch\/wp-content\/uploads\/2017\/12\/sc-777-200x300.jpg 200w, https:\/\/portesdesiris.ch\/wp-content\/uploads\/2017\/12\/sc-777-768x1152.jpg 768w, https:\/\/portesdesiris.ch\/wp-content\/uploads\/2017\/12\/sc-777.jpg 1280w\" sizes=\"auto, (max-width: 683px) 100vw, 683px\" \/><\/a>\n\t\t\t<\/dt><\/dl><br style=\"clear: both\" \/>\n\t\t<\/div>\n\n<\/div>\n<\/div>\n<p style=\"text-align: center;\">Merci \u00e0 vous deux pour votre feed-back et c&#8217;est s\u00fbrement gr\u00e2ce \u00e0 vous si nous pourrons accompagner bient\u00f4t d&#8217;autres mari\u00e9s d&#8217;hiver !<\/p>\n<p>&nbsp;<\/p>\n<p>Cr\u00e9dits photos: toutes les images du Mariage de Lyse et Guillaume ont \u00e9t\u00e9 prises par Joao-Images. Vous trouverez plus d&#8217;informations sur son site <a href=\"http:\/\/www.joao-images.com\">www.joao-images.com<\/a><\/p>\n<p>Les d\u00e9lices de Cinq Sens sont \u00e0 d\u00e9couvrir sur <a href=\"https:\/\/cinq-sens.ch\">www.cinq-sens.ch<\/a><\/p>\n<p>Les sourires des coordinatrices ont \u00e9t\u00e9 saisis par la talentueuse portraitiste <a href=\"https:\/\/www.martinecremieux.com\">Martine Cr\u00e9mieux<\/a><\/p>\n<p>Et pour plus de photos, connectez-vous sur <a href=\"https:\/\/www.pinterest.ch\/portesdesiris\/winter-weddings-at-portes-des-iris\/\">Pinterest<\/a>!<\/p>\n<p>&nbsp;<\/p>\n","protected":false},"excerpt":{"rendered":"<p>Depuis quelques temps d\u00e9j\u00e0, la tendance est au Mariage Hiver! Tout est plus facile \u00e0 organiser, aucun souci avec la m\u00e9t\u00e9o, les pollens ou le risque d&#8217;orage pendant l&#8217;ap\u00e9ritif&#8230; Aux Portes des Iris, nous avons une formule Mariage Hiver qui vous permet de vous marier \u00e0 prix doux, de b\u00e9n\u00e9ficier de petits cadeaux et surtout [&hellip;]<\/p>\n","protected":false},"author":6,"featured_media":8448,"comment_status":"open","ping_status":"open","sticky":false,"template":"","format":"standard","meta":{"_acf_changed":false,"footnotes":""},"categories":[1,13,31],"tags":[],"class_list":["post-8454","post","type-post","status-publish","format-standard","has-post-thumbnail","hentry","category-blog","category-wedding","category-testimonials"],"acf":[],"yoast_head":"<!-- This site is optimized with the Yoast SEO plugin v26.7 - https:\/\/yoast.com\/wordpress\/plugins\/seo\/ -->\n<title>Le mariage en hiver de Lyse et Guillaume aux Portes des Iris - Portes des Iris<\/title>\n<meta name=\"robots\" content=\"index, follow, max-snippet:-1, max-image-preview:large, max-video-preview:-1\" \/>\n<link rel=\"canonical\" href=\"https:\/\/portesdesiris.ch\/le-mariage-en-hiver-de-lyse-et-guillaume-aux-portes-des-iris\/\" \/>\n<meta property=\"og:locale\" content=\"de_DE\" \/>\n<meta property=\"og:type\" content=\"article\" \/>\n<meta property=\"og:title\" content=\"Le mariage en hiver de Lyse et Guillaume aux Portes des Iris - Portes des Iris\" \/>\n<meta property=\"og:description\" content=\"Depuis quelques temps d\u00e9j\u00e0, la tendance est au Mariage Hiver! Tout est plus facile \u00e0 organiser, aucun souci avec la m\u00e9t\u00e9o, les pollens ou le risque d&#8217;orage pendant l&#8217;ap\u00e9ritif&#8230; Aux Portes des Iris, nous avons une formule Mariage Hiver qui vous permet de vous marier \u00e0 prix doux, de b\u00e9n\u00e9ficier de petits cadeaux et surtout [&hellip;]\" \/>\n<meta property=\"og:url\" content=\"https:\/\/portesdesiris.ch\/le-mariage-en-hiver-de-lyse-et-guillaume-aux-portes-des-iris\/\" \/>\n<meta property=\"og:site_name\" content=\"Portes des Iris\" \/>\n<meta property=\"article:publisher\" content=\"https:\/\/www.facebook.com\/portesdesiris\/\" \/>\n<meta property=\"article:published_time\" content=\"2020-01-31T15:07:48+00:00\" \/>\n<meta property=\"article:modified_time\" content=\"2025-03-06T09:21:19+00:00\" \/>\n<meta property=\"og:image\" content=\"https:\/\/portesdesiris.ch\/wp-content\/uploads\/2020\/01\/Strobino-11.02.17_Joao-Images_11-copie.jpeg.jpg\" \/>\n\t<meta property=\"og:image:width\" content=\"818\" \/>\n\t<meta property=\"og:image:height\" content=\"1226\" \/>\n\t<meta property=\"og:image:type\" content=\"image\/jpeg\" \/>\n<meta name=\"author\" content=\"Portes des Iris\" \/>\n<meta name=\"twitter:card\" content=\"summary_large_image\" \/>\n<meta name=\"twitter:label1\" content=\"Verfasst von\" \/>\n\t<meta name=\"twitter:data1\" content=\"Portes des Iris\" \/>\n\t<meta name=\"twitter:label2\" content=\"Gesch\u00e4tzte Lesezeit\" \/>\n\t<meta name=\"twitter:data2\" content=\"4\u00a0Minuten\" \/>\n<script type=\"application\/ld+json\" class=\"yoast-schema-graph\">{\"@context\":\"https:\/\/schema.org\",\"@graph\":[{\"@type\":\"Article\",\"@id\":\"https:\/\/portesdesiris.ch\/le-mariage-en-hiver-de-lyse-et-guillaume-aux-portes-des-iris\/#article\",\"isPartOf\":{\"@id\":\"https:\/\/portesdesiris.ch\/le-mariage-en-hiver-de-lyse-et-guillaume-aux-portes-des-iris\/\"},\"author\":{\"name\":\"Portes des Iris\",\"@id\":\"https:\/\/portesdesiris.ch\/de\/#\/schema\/person\/1fec589d003851c4ffe308e8071bffeb\"},\"headline\":\"Le mariage en hiver de Lyse et Guillaume aux Portes des Iris\",\"datePublished\":\"2020-01-31T15:07:48+00:00\",\"dateModified\":\"2025-03-06T09:21:19+00:00\",\"mainEntityOfPage\":{\"@id\":\"https:\/\/portesdesiris.ch\/le-mariage-en-hiver-de-lyse-et-guillaume-aux-portes-des-iris\/\"},\"wordCount\":728,\"commentCount\":0,\"image\":{\"@id\":\"https:\/\/portesdesiris.ch\/le-mariage-en-hiver-de-lyse-et-guillaume-aux-portes-des-iris\/#primaryimage\"},\"thumbnailUrl\":\"https:\/\/portesdesiris.ch\/wp-content\/uploads\/2020\/01\/Strobino-11.02.17_Joao-Images_11-copie.jpeg.jpg\",\"articleSection\":[\"Blog\",\"Mariages\",\"Testimonials\"],\"inLanguage\":\"de\",\"potentialAction\":[{\"@type\":\"CommentAction\",\"name\":\"Comment\",\"target\":[\"https:\/\/portesdesiris.ch\/le-mariage-en-hiver-de-lyse-et-guillaume-aux-portes-des-iris\/#respond\"]}]},{\"@type\":\"WebPage\",\"@id\":\"https:\/\/portesdesiris.ch\/le-mariage-en-hiver-de-lyse-et-guillaume-aux-portes-des-iris\/\",\"url\":\"https:\/\/portesdesiris.ch\/le-mariage-en-hiver-de-lyse-et-guillaume-aux-portes-des-iris\/\",\"name\":\"Le mariage en hiver de Lyse et Guillaume aux Portes des Iris - Portes des Iris\",\"isPartOf\":{\"@id\":\"https:\/\/portesdesiris.ch\/de\/#website\"},\"primaryImageOfPage\":{\"@id\":\"https:\/\/portesdesiris.ch\/le-mariage-en-hiver-de-lyse-et-guillaume-aux-portes-des-iris\/#primaryimage\"},\"image\":{\"@id\":\"https:\/\/portesdesiris.ch\/le-mariage-en-hiver-de-lyse-et-guillaume-aux-portes-des-iris\/#primaryimage\"},\"thumbnailUrl\":\"https:\/\/portesdesiris.ch\/wp-content\/uploads\/2020\/01\/Strobino-11.02.17_Joao-Images_11-copie.jpeg.jpg\",\"datePublished\":\"2020-01-31T15:07:48+00:00\",\"dateModified\":\"2025-03-06T09:21:19+00:00\",\"author\":{\"@id\":\"https:\/\/portesdesiris.ch\/de\/#\/schema\/person\/1fec589d003851c4ffe308e8071bffeb\"},\"breadcrumb\":{\"@id\":\"https:\/\/portesdesiris.ch\/le-mariage-en-hiver-de-lyse-et-guillaume-aux-portes-des-iris\/#breadcrumb\"},\"inLanguage\":\"de\",\"potentialAction\":[{\"@type\":\"ReadAction\",\"target\":[\"https:\/\/portesdesiris.ch\/le-mariage-en-hiver-de-lyse-et-guillaume-aux-portes-des-iris\/\"]}]},{\"@type\":\"ImageObject\",\"inLanguage\":\"de\",\"@id\":\"https:\/\/portesdesiris.ch\/le-mariage-en-hiver-de-lyse-et-guillaume-aux-portes-des-iris\/#primaryimage\",\"url\":\"https:\/\/portesdesiris.ch\/wp-content\/uploads\/2020\/01\/Strobino-11.02.17_Joao-Images_11-copie.jpeg.jpg\",\"contentUrl\":\"https:\/\/portesdesiris.ch\/wp-content\/uploads\/2020\/01\/Strobino-11.02.17_Joao-Images_11-copie.jpeg.jpg\",\"width\":818,\"height\":1226,\"caption\":\"Photo: Joao-Images\"},{\"@type\":\"BreadcrumbList\",\"@id\":\"https:\/\/portesdesiris.ch\/le-mariage-en-hiver-de-lyse-et-guillaume-aux-portes-des-iris\/#breadcrumb\",\"itemListElement\":[{\"@type\":\"ListItem\",\"position\":1,\"name\":\"Accueil\",\"item\":\"https:\/\/portesdesiris.ch\/de\/\"},{\"@type\":\"ListItem\",\"position\":2,\"name\":\"Le mariage en hiver de Lyse et Guillaume aux Portes des Iris\"}]},{\"@type\":\"WebSite\",\"@id\":\"https:\/\/portesdesiris.ch\/de\/#website\",\"url\":\"https:\/\/portesdesiris.ch\/de\/\",\"name\":\"Portes des Iris\",\"description\":\"\",\"potentialAction\":[{\"@type\":\"SearchAction\",\"target\":{\"@type\":\"EntryPoint\",\"urlTemplate\":\"https:\/\/portesdesiris.ch\/de\/?s={search_term_string}\"},\"query-input\":{\"@type\":\"PropertyValueSpecification\",\"valueRequired\":true,\"valueName\":\"search_term_string\"}}],\"inLanguage\":\"de\"},{\"@type\":\"Person\",\"@id\":\"https:\/\/portesdesiris.ch\/de\/#\/schema\/person\/1fec589d003851c4ffe308e8071bffeb\",\"name\":\"Portes des Iris\",\"image\":{\"@type\":\"ImageObject\",\"inLanguage\":\"de\",\"@id\":\"https:\/\/portesdesiris.ch\/de\/#\/schema\/person\/image\/\",\"url\":\"https:\/\/secure.gravatar.com\/avatar\/130218f921c4cc9c452a947ae622f180eddde80d56f659695eaebe8acade8074?s=96&d=mm&r=g\",\"contentUrl\":\"https:\/\/secure.gravatar.com\/avatar\/130218f921c4cc9c452a947ae622f180eddde80d56f659695eaebe8acade8074?s=96&d=mm&r=g\",\"caption\":\"Portes des Iris\"},\"url\":\"https:\/\/portesdesiris.ch\/de\/author\/portesdesiris\/\"}]}<\/script>\n<!-- \/ Yoast SEO plugin. -->","yoast_head_json":{"title":"Le mariage en hiver de Lyse et Guillaume aux Portes des Iris - Portes des Iris","robots":{"index":"index","follow":"follow","max-snippet":"max-snippet:-1","max-image-preview":"max-image-preview:large","max-video-preview":"max-video-preview:-1"},"canonical":"https:\/\/portesdesiris.ch\/le-mariage-en-hiver-de-lyse-et-guillaume-aux-portes-des-iris\/","og_locale":"de_DE","og_type":"article","og_title":"Le mariage en hiver de Lyse et Guillaume aux Portes des Iris - Portes des Iris","og_description":"Depuis quelques temps d\u00e9j\u00e0, la tendance est au Mariage Hiver! Tout est plus facile \u00e0 organiser, aucun souci avec la m\u00e9t\u00e9o, les pollens ou le risque d&#8217;orage pendant l&#8217;ap\u00e9ritif&#8230; Aux Portes des Iris, nous avons une formule Mariage Hiver qui vous permet de vous marier \u00e0 prix doux, de b\u00e9n\u00e9ficier de petits cadeaux et surtout [&hellip;]","og_url":"https:\/\/portesdesiris.ch\/le-mariage-en-hiver-de-lyse-et-guillaume-aux-portes-des-iris\/","og_site_name":"Portes des Iris","article_publisher":"https:\/\/www.facebook.com\/portesdesiris\/","article_published_time":"2020-01-31T15:07:48+00:00","article_modified_time":"2025-03-06T09:21:19+00:00","og_image":[{"width":818,"height":1226,"url":"https:\/\/portesdesiris.ch\/wp-content\/uploads\/2020\/01\/Strobino-11.02.17_Joao-Images_11-copie.jpeg.jpg","type":"image\/jpeg"}],"author":"Portes des Iris","twitter_card":"summary_large_image","twitter_misc":{"Verfasst von":"Portes des Iris","Gesch\u00e4tzte Lesezeit":"4\u00a0Minuten"},"schema":{"@context":"https:\/\/schema.org","@graph":[{"@type":"Article","@id":"https:\/\/portesdesiris.ch\/le-mariage-en-hiver-de-lyse-et-guillaume-aux-portes-des-iris\/#article","isPartOf":{"@id":"https:\/\/portesdesiris.ch\/le-mariage-en-hiver-de-lyse-et-guillaume-aux-portes-des-iris\/"},"author":{"name":"Portes des Iris","@id":"https:\/\/portesdesiris.ch\/de\/#\/schema\/person\/1fec589d003851c4ffe308e8071bffeb"},"headline":"Le mariage en hiver de Lyse et Guillaume aux Portes des Iris","datePublished":"2020-01-31T15:07:48+00:00","dateModified":"2025-03-06T09:21:19+00:00","mainEntityOfPage":{"@id":"https:\/\/portesdesiris.ch\/le-mariage-en-hiver-de-lyse-et-guillaume-aux-portes-des-iris\/"},"wordCount":728,"commentCount":0,"image":{"@id":"https:\/\/portesdesiris.ch\/le-mariage-en-hiver-de-lyse-et-guillaume-aux-portes-des-iris\/#primaryimage"},"thumbnailUrl":"https:\/\/portesdesiris.ch\/wp-content\/uploads\/2020\/01\/Strobino-11.02.17_Joao-Images_11-copie.jpeg.jpg","articleSection":["Blog","Mariages","Testimonials"],"inLanguage":"de","potentialAction":[{"@type":"CommentAction","name":"Comment","target":["https:\/\/portesdesiris.ch\/le-mariage-en-hiver-de-lyse-et-guillaume-aux-portes-des-iris\/#respond"]}]},{"@type":"WebPage","@id":"https:\/\/portesdesiris.ch\/le-mariage-en-hiver-de-lyse-et-guillaume-aux-portes-des-iris\/","url":"https:\/\/portesdesiris.ch\/le-mariage-en-hiver-de-lyse-et-guillaume-aux-portes-des-iris\/","name":"Le mariage en hiver de Lyse et Guillaume aux Portes des Iris - Portes des Iris","isPartOf":{"@id":"https:\/\/portesdesiris.ch\/de\/#website"},"primaryImageOfPage":{"@id":"https:\/\/portesdesiris.ch\/le-mariage-en-hiver-de-lyse-et-guillaume-aux-portes-des-iris\/#primaryimage"},"image":{"@id":"https:\/\/portesdesiris.ch\/le-mariage-en-hiver-de-lyse-et-guillaume-aux-portes-des-iris\/#primaryimage"},"thumbnailUrl":"https:\/\/portesdesiris.ch\/wp-content\/uploads\/2020\/01\/Strobino-11.02.17_Joao-Images_11-copie.jpeg.jpg","datePublished":"2020-01-31T15:07:48+00:00","dateModified":"2025-03-06T09:21:19+00:00","author":{"@id":"https:\/\/portesdesiris.ch\/de\/#\/schema\/person\/1fec589d003851c4ffe308e8071bffeb"},"breadcrumb":{"@id":"https:\/\/portesdesiris.ch\/le-mariage-en-hiver-de-lyse-et-guillaume-aux-portes-des-iris\/#breadcrumb"},"inLanguage":"de","potentialAction":[{"@type":"ReadAction","target":["https:\/\/portesdesiris.ch\/le-mariage-en-hiver-de-lyse-et-guillaume-aux-portes-des-iris\/"]}]},{"@type":"ImageObject","inLanguage":"de","@id":"https:\/\/portesdesiris.ch\/le-mariage-en-hiver-de-lyse-et-guillaume-aux-portes-des-iris\/#primaryimage","url":"https:\/\/portesdesiris.ch\/wp-content\/uploads\/2020\/01\/Strobino-11.02.17_Joao-Images_11-copie.jpeg.jpg","contentUrl":"https:\/\/portesdesiris.ch\/wp-content\/uploads\/2020\/01\/Strobino-11.02.17_Joao-Images_11-copie.jpeg.jpg","width":818,"height":1226,"caption":"Photo: Joao-Images"},{"@type":"BreadcrumbList","@id":"https:\/\/portesdesiris.ch\/le-mariage-en-hiver-de-lyse-et-guillaume-aux-portes-des-iris\/#breadcrumb","itemListElement":[{"@type":"ListItem","position":1,"name":"Accueil","item":"https:\/\/portesdesiris.ch\/de\/"},{"@type":"ListItem","position":2,"name":"Le mariage en hiver de Lyse et Guillaume aux Portes des Iris"}]},{"@type":"WebSite","@id":"https:\/\/portesdesiris.ch\/de\/#website","url":"https:\/\/portesdesiris.ch\/de\/","name":"Portes des Iris","description":"","potentialAction":[{"@type":"SearchAction","target":{"@type":"EntryPoint","urlTemplate":"https:\/\/portesdesiris.ch\/de\/?s={search_term_string}"},"query-input":{"@type":"PropertyValueSpecification","valueRequired":true,"valueName":"search_term_string"}}],"inLanguage":"de"},{"@type":"Person","@id":"https:\/\/portesdesiris.ch\/de\/#\/schema\/person\/1fec589d003851c4ffe308e8071bffeb","name":"Portes des Iris","image":{"@type":"ImageObject","inLanguage":"de","@id":"https:\/\/portesdesiris.ch\/de\/#\/schema\/person\/image\/","url":"https:\/\/secure.gravatar.com\/avatar\/130218f921c4cc9c452a947ae622f180eddde80d56f659695eaebe8acade8074?s=96&d=mm&r=g","contentUrl":"https:\/\/secure.gravatar.com\/avatar\/130218f921c4cc9c452a947ae622f180eddde80d56f659695eaebe8acade8074?s=96&d=mm&r=g","caption":"Portes des Iris"},"url":"https:\/\/portesdesiris.ch\/de\/author\/portesdesiris\/"}]}},"_links":{"self":[{"href":"https:\/\/portesdesiris.ch\/de\/wp-json\/wp\/v2\/posts\/8454","targetHints":{"allow":["GET"]}}],"collection":[{"href":"https:\/\/portesdesiris.ch\/de\/wp-json\/wp\/v2\/posts"}],"about":[{"href":"https:\/\/portesdesiris.ch\/de\/wp-json\/wp\/v2\/types\/post"}],"author":[{"embeddable":true,"href":"https:\/\/portesdesiris.ch\/de\/wp-json\/wp\/v2\/users\/6"}],"replies":[{"embeddable":true,"href":"https:\/\/portesdesiris.ch\/de\/wp-json\/wp\/v2\/comments?post=8454"}],"version-history":[{"count":1,"href":"https:\/\/portesdesiris.ch\/de\/wp-json\/wp\/v2\/posts\/8454\/revisions"}],"predecessor-version":[{"id":19105,"href":"https:\/\/portesdesiris.ch\/de\/wp-json\/wp\/v2\/posts\/8454\/revisions\/19105"}],"wp:featuredmedia":[{"embeddable":true,"href":"https:\/\/portesdesiris.ch\/de\/wp-json\/wp\/v2\/media\/8448"}],"wp:attachment":[{"href":"https:\/\/portesdesiris.ch\/de\/wp-json\/wp\/v2\/media?parent=8454"}],"wp:term":[{"taxonomy":"category","embeddable":true,"href":"https:\/\/portesdesiris.ch\/de\/wp-json\/wp\/v2\/categories?post=8454"},{"taxonomy":"post_tag","embeddable":true,"href":"https:\/\/portesdesiris.ch\/de\/wp-json\/wp\/v2\/tags?post=8454"}],"curies":[{"name":"wp","href":"https:\/\/api.w.org\/{rel}","templated":true}]}}