{"id":7995,"date":"2019-12-17T13:58:47","date_gmt":"2019-12-17T12:58:47","guid":{"rendered":"https:\/\/portesdesiris.ch\/?p=7995"},"modified":"2025-01-23T17:00:23","modified_gmt":"2025-01-23T16:00:23","slug":"les-meilleurs-photos-spot-notre-selection-pour-nos-maries","status":"publish","type":"post","link":"https:\/\/portesdesiris.ch\/de\/les-meilleurs-photos-spot-notre-selection-pour-nos-maries\/","title":{"rendered":"Des dizaines de spots photos originaux<p>en exclusivit\u00e9 au Domaine du Ch\u00e2teau de Vullierens<\/p>"},"content":{"rendered":"<div dir=\"ltr\">\n<div class=\"\">\n<div>\n<div id=\"attachment_8039\" style=\"width: 610px\" class=\"wp-caption aligncenter\"><img loading=\"lazy\" decoding=\"async\" aria-describedby=\"caption-attachment-8039\" class=\"size-full wp-image-8039\" src=\"https:\/\/portesdesiris.ch\/wp-content\/uploads\/2019\/12\/\u00a9sumodori_brmlm_0720portes-des-iris-mariage-portes-des-iris-mariage.jpg\" alt=\"mariage hiver aux portes des iris\" width=\"600\" height=\"401\" srcset=\"https:\/\/portesdesiris.ch\/wp-content\/uploads\/2019\/12\/\u00a9sumodori_brmlm_0720portes-des-iris-mariage-portes-des-iris-mariage.jpg 600w, https:\/\/portesdesiris.ch\/wp-content\/uploads\/2019\/12\/\u00a9sumodori_brmlm_0720portes-des-iris-mariage-portes-des-iris-mariage-300x201.jpg 300w\" sizes=\"auto, (max-width: 600px) 100vw, 600px\" \/><p id=\"caption-attachment-8039\" class=\"wp-caption-text\">Pic: Sumodori<\/p><\/div>\n<\/div>\n<div class=\"\" style=\"text-align: center;\">\n<p>Lorsqu&#8217;on se lance dans l\u2019organisation de son mariage, il est naturel de se focaliser en priorit\u00e9 sur la c\u00e9r\u00e9monie, le lieu pour le cocktail et la soir\u00e9e. Puis on se projette rapidement dans la d\u00e9coration, le mobilier, le repas, la liste des invit\u00e9s, les v\u00eatements\u2026. Mais qu\u2019en est-il des photos et surtout D<em>u spot photo<\/em> ? Celui qui embellira les souvenirs, qui apportera de l\u2019originalit\u00e9 aux images en couleur ou noir et blanc qu\u2019on fera d\u00e9filer dans les albums ou sur les \u00e9crans !<\/p>\n<\/div>\n<\/div>\n<\/div>\n<div><\/div>\n<div dir=\"ltr\" style=\"text-align: center;\">\n<div class=\"\">\n<div style=\"text-align: center;\">\n\n\t\t<style type=\"text\/css\">\n\t\t\t#gallery-1 {\n\t\t\t\tmargin: auto;\n\t\t\t}\n\t\t\t#gallery-1 .gallery-item {\n\t\t\t\tfloat: left;\n\t\t\t\tmargin-top: 10px;\n\t\t\t\ttext-align: center;\n\t\t\t\twidth: 25%;\n\t\t\t}\n\t\t\t#gallery-1 img {\n\t\t\t\tborder: 2px solid #cfcfcf;\n\t\t\t}\n\t\t\t#gallery-1 .gallery-caption {\n\t\t\t\tmargin-left: 0;\n\t\t\t}\n\t\t\t\/* see gallery_shortcode() in wp-includes\/media.php *\/\n\t\t<\/style>\n\t\t<div id='gallery-1' class='gallery galleryid-7995 gallery-columns-4 gallery-size-full'><dl class='gallery-item'>\n\t\t\t<dt class='gallery-icon landscape'>\n\t\t\t\t<a href='https:\/\/portesdesiris.ch\/de\/benbakerch-10239-2\/'><img loading=\"lazy\" decoding=\"async\" width=\"2560\" height=\"1707\" src=\"https:\/\/portesdesiris.ch\/wp-content\/uploads\/2019\/12\/BenBakerCH-10239-scaled.avif\" class=\"attachment-full size-full\" alt=\"\" srcset=\"https:\/\/portesdesiris.ch\/wp-content\/uploads\/2019\/12\/BenBakerCH-10239-scaled.avif 2560w, https:\/\/portesdesiris.ch\/wp-content\/uploads\/2019\/12\/BenBakerCH-10239-300x200.avif 300w, https:\/\/portesdesiris.ch\/wp-content\/uploads\/2019\/12\/BenBakerCH-10239-1024x683.avif 1024w, https:\/\/portesdesiris.ch\/wp-content\/uploads\/2019\/12\/BenBakerCH-10239-768x512.avif 768w, https:\/\/portesdesiris.ch\/wp-content\/uploads\/2019\/12\/BenBakerCH-10239-1536x1024.avif 1536w, https:\/\/portesdesiris.ch\/wp-content\/uploads\/2019\/12\/BenBakerCH-10239-2048x1365.avif 2048w\" sizes=\"auto, (max-width: 2560px) 100vw, 2560px\" \/><\/a>\n\t\t\t<\/dt><\/dl><dl class='gallery-item'>\n\t\t\t<dt class='gallery-icon landscape'>\n\t\t\t\t<a href='https:\/\/portesdesiris.ch\/de\/c-photo_dsc_3159-2\/'><img loading=\"lazy\" decoding=\"async\" width=\"850\" height=\"567\" src=\"https:\/\/portesdesiris.ch\/wp-content\/uploads\/2019\/12\/C-photo_DSC_3159.avif\" class=\"attachment-full size-full\" alt=\"\" srcset=\"https:\/\/portesdesiris.ch\/wp-content\/uploads\/2019\/12\/C-photo_DSC_3159.avif 850w, https:\/\/portesdesiris.ch\/wp-content\/uploads\/2019\/12\/C-photo_DSC_3159-300x200.avif 300w, https:\/\/portesdesiris.ch\/wp-content\/uploads\/2019\/12\/C-photo_DSC_3159-768x512.avif 768w\" sizes=\"auto, (max-width: 850px) 100vw, 850px\" \/><\/a>\n\t\t\t<\/dt><\/dl><dl class='gallery-item'>\n\t\t\t<dt class='gallery-icon landscape'>\n\t\t\t\t<a href='https:\/\/portesdesiris.ch\/de\/christelle_naville_photographie-579-2\/'><img loading=\"lazy\" decoding=\"async\" width=\"1890\" height=\"1261\" src=\"https:\/\/portesdesiris.ch\/wp-content\/uploads\/2019\/12\/Christelle_Naville_photographie-579.avif\" class=\"attachment-full size-full\" alt=\"\" srcset=\"https:\/\/portesdesiris.ch\/wp-content\/uploads\/2019\/12\/Christelle_Naville_photographie-579.avif 1890w, https:\/\/portesdesiris.ch\/wp-content\/uploads\/2019\/12\/Christelle_Naville_photographie-579-300x200.avif 300w, https:\/\/portesdesiris.ch\/wp-content\/uploads\/2019\/12\/Christelle_Naville_photographie-579-1024x683.avif 1024w, https:\/\/portesdesiris.ch\/wp-content\/uploads\/2019\/12\/Christelle_Naville_photographie-579-768x512.avif 768w, https:\/\/portesdesiris.ch\/wp-content\/uploads\/2019\/12\/Christelle_Naville_photographie-579-1536x1025.avif 1536w\" sizes=\"auto, (max-width: 1890px) 100vw, 1890px\" \/><\/a>\n\t\t\t<\/dt><\/dl><dl class='gallery-item'>\n\t\t\t<dt class='gallery-icon landscape'>\n\t\t\t\t<a href='https:\/\/portesdesiris.ch\/de\/tlooktlook08-2\/'><img loading=\"lazy\" decoding=\"async\" width=\"2000\" height=\"1333\" src=\"https:\/\/portesdesiris.ch\/wp-content\/uploads\/2019\/12\/Tlooktlook08.avif\" class=\"attachment-full size-full\" alt=\"\" srcset=\"https:\/\/portesdesiris.ch\/wp-content\/uploads\/2019\/12\/Tlooktlook08.avif 2000w, https:\/\/portesdesiris.ch\/wp-content\/uploads\/2019\/12\/Tlooktlook08-300x200.avif 300w, https:\/\/portesdesiris.ch\/wp-content\/uploads\/2019\/12\/Tlooktlook08-1024x682.avif 1024w, https:\/\/portesdesiris.ch\/wp-content\/uploads\/2019\/12\/Tlooktlook08-768x512.avif 768w, https:\/\/portesdesiris.ch\/wp-content\/uploads\/2019\/12\/Tlooktlook08-1536x1024.avif 1536w\" sizes=\"auto, (max-width: 2000px) 100vw, 2000px\" \/><\/a>\n\t\t\t<\/dt><\/dl><br style=\"clear: both\" \/>\n\t\t<\/div>\n\n<\/div>\n<\/div>\n<\/div>\n<p style=\"text-align: center;\">Un point fort de la journ\u00e9e de mariage : la s\u00e9ance photos en couple.\u00a0Les \u00ab retrouvailles \u00bb en t\u00eate \u00e0 t\u00eate apr\u00e8s la c\u00e9r\u00e9monie\u2026, avant la soir\u00e9e, un must. Elles permettent de souffler, reprendre ses esprits, assimiler avant de repartir dans le tourbillon de la f\u00eate. Entre nos murs centenaires, sous l&#8217;ancienne grange ou dans nos all\u00e9es fleuries ou remplies de feuilles, en toute saison le d\u00e9cor est assur\u00e9.<\/p>\n<p style=\"text-align: center;\">Nos jardins les plus spectaculaires de Suisse sur plus de trente hectares, un parc de sculptures, des arbres centenaires, des fleurs par milliers, un vignoble, un ch\u00e2teau du XVII\u00e8me si\u00e8cle, \u00e7a ne s\u2019invente pas ! Ce d\u00e9cor nous vous le servons en exclusivit\u00e9 sur un plateau d\u2019argent, profitez-en!<\/p>\n<p>&nbsp;<\/p>\n\n\t\t<style type=\"text\/css\">\n\t\t\t#gallery-2 {\n\t\t\t\tmargin: auto;\n\t\t\t}\n\t\t\t#gallery-2 .gallery-item {\n\t\t\t\tfloat: left;\n\t\t\t\tmargin-top: 10px;\n\t\t\t\ttext-align: center;\n\t\t\t\twidth: 100%;\n\t\t\t}\n\t\t\t#gallery-2 img {\n\t\t\t\tborder: 2px solid #cfcfcf;\n\t\t\t}\n\t\t\t#gallery-2 .gallery-caption {\n\t\t\t\tmargin-left: 0;\n\t\t\t}\n\t\t\t\/* see gallery_shortcode() in wp-includes\/media.php *\/\n\t\t<\/style>\n\t\t<div id='gallery-2' class='gallery galleryid-7995 gallery-columns-1 gallery-size-large'><dl class='gallery-item'>\n\t\t\t<dt class='gallery-icon landscape'>\n\t\t\t\t<a href='https:\/\/portesdesiris.ch\/de\/portes-des-iris-mariage-2-2-2\/'><img loading=\"lazy\" decoding=\"async\" width=\"1024\" height=\"683\" src=\"https:\/\/portesdesiris.ch\/wp-content\/uploads\/2019\/12\/portes-des-iris-mariage-2-1-1024x683.jpeg\" class=\"attachment-large size-large\" alt=\"Mari\u00e9s posant dans la sculpture d&#039;Urs Twellman aux Portes des Iris.\" aria-describedby=\"gallery-2-8142\" srcset=\"https:\/\/portesdesiris.ch\/wp-content\/uploads\/2019\/12\/portes-des-iris-mariage-2-1-1024x683.jpeg 1024w, https:\/\/portesdesiris.ch\/wp-content\/uploads\/2019\/12\/portes-des-iris-mariage-2-1-300x200.jpeg 300w, https:\/\/portesdesiris.ch\/wp-content\/uploads\/2019\/12\/portes-des-iris-mariage-2-1-768x512.jpeg 768w, https:\/\/portesdesiris.ch\/wp-content\/uploads\/2019\/12\/portes-des-iris-mariage-2-1-1536x1024.jpeg 1536w, https:\/\/portesdesiris.ch\/wp-content\/uploads\/2019\/12\/portes-des-iris-mariage-2-1.jpeg 1900w\" sizes=\"auto, (max-width: 1024px) 100vw, 1024px\" \/><\/a>\n\t\t\t<\/dt>\n\t\t\t\t<dd class='wp-caption-text gallery-caption' id='gallery-2-8142'>\n\t\t\t\tPhoto: Gabriella Oswald\nSculpture: Urs Twellman\n\t\t\t\t<\/dd><\/dl><br style=\"clear: both\" \/>\n\t\t<\/div>\n\n<p>&nbsp;<\/p>\n<p style=\"text-align: center;\">Voici une petite s\u00e9lection des spots que nous avons rep\u00e9r\u00e9s pour vous mais la liste est loin d\u2019\u00eatre exhaustive, nous en d\u00e9couvrons au travers des photos de nos mari\u00e9s chaque ann\u00e9e merci \u00e0 la cr\u00e9ativit\u00e9 de nos photographes de pr\u00e9dilection !<\/p>\n<p>&nbsp;<\/p>\n\n\t\t<style type=\"text\/css\">\n\t\t\t#gallery-3 {\n\t\t\t\tmargin: auto;\n\t\t\t}\n\t\t\t#gallery-3 .gallery-item {\n\t\t\t\tfloat: left;\n\t\t\t\tmargin-top: 10px;\n\t\t\t\ttext-align: center;\n\t\t\t\twidth: 50%;\n\t\t\t}\n\t\t\t#gallery-3 img {\n\t\t\t\tborder: 2px solid #cfcfcf;\n\t\t\t}\n\t\t\t#gallery-3 .gallery-caption {\n\t\t\t\tmargin-left: 0;\n\t\t\t}\n\t\t\t\/* see gallery_shortcode() in wp-includes\/media.php *\/\n\t\t<\/style>\n\t\t<div id='gallery-3' class='gallery galleryid-7995 gallery-columns-2 gallery-size-large'><dl class='gallery-item'>\n\t\t\t<dt class='gallery-icon landscape'>\n\t\t\t\t<a href='https:\/\/portesdesiris.ch\/de\/portes-des-iris-mariage-12-2\/'><img loading=\"lazy\" decoding=\"async\" width=\"1024\" height=\"684\" src=\"https:\/\/portesdesiris.ch\/wp-content\/uploads\/2019\/12\/portes-des-iris-mariage-12-1024x684.jpeg\" class=\"attachment-large size-large\" alt=\"Premier baiser des mari\u00e9s pendant une c\u00e9r\u00e9monie aux Portes des Iris.\" aria-describedby=\"gallery-3-8136\" srcset=\"https:\/\/portesdesiris.ch\/wp-content\/uploads\/2019\/12\/portes-des-iris-mariage-12-1024x684.jpeg 1024w, https:\/\/portesdesiris.ch\/wp-content\/uploads\/2019\/12\/portes-des-iris-mariage-12-300x200.jpeg 300w, https:\/\/portesdesiris.ch\/wp-content\/uploads\/2019\/12\/portes-des-iris-mariage-12-768x513.jpeg 768w, https:\/\/portesdesiris.ch\/wp-content\/uploads\/2019\/12\/portes-des-iris-mariage-12-1536x1026.jpeg 1536w, https:\/\/portesdesiris.ch\/wp-content\/uploads\/2019\/12\/portes-des-iris-mariage-12.jpeg 1900w\" sizes=\"auto, (max-width: 1024px) 100vw, 1024px\" \/><\/a>\n\t\t\t<\/dt>\n\t\t\t\t<dd class='wp-caption-text gallery-caption' id='gallery-3-8136'>\n\t\t\t\tPhoto: Samuel Gachet\n\t\t\t\t<\/dd><\/dl><dl class='gallery-item'>\n\t\t\t<dt class='gallery-icon landscape'>\n\t\t\t\t<a href='https:\/\/portesdesiris.ch\/de\/portes-des-iris-mariage-1-2-2\/'><img loading=\"lazy\" decoding=\"async\" width=\"1024\" height=\"683\" src=\"https:\/\/portesdesiris.ch\/wp-content\/uploads\/2019\/12\/portes-des-iris-mariage-1-1-1024x683.jpeg\" class=\"attachment-large size-large\" alt=\"Mari\u00e9e dans les jardins, photoshoot mariage avec un cheval aux Portes des Iris.\" aria-describedby=\"gallery-3-8139\" srcset=\"https:\/\/portesdesiris.ch\/wp-content\/uploads\/2019\/12\/portes-des-iris-mariage-1-1-1024x683.jpeg 1024w, https:\/\/portesdesiris.ch\/wp-content\/uploads\/2019\/12\/portes-des-iris-mariage-1-1-300x200.jpeg 300w, https:\/\/portesdesiris.ch\/wp-content\/uploads\/2019\/12\/portes-des-iris-mariage-1-1-768x512.jpeg 768w, https:\/\/portesdesiris.ch\/wp-content\/uploads\/2019\/12\/portes-des-iris-mariage-1-1-1536x1024.jpeg 1536w, https:\/\/portesdesiris.ch\/wp-content\/uploads\/2019\/12\/portes-des-iris-mariage-1-1.jpeg 1900w\" sizes=\"auto, (max-width: 1024px) 100vw, 1024px\" \/><\/a>\n\t\t\t<\/dt>\n\t\t\t\t<dd class='wp-caption-text gallery-caption' id='gallery-3-8139'>\n\t\t\t\tPhoto: Adriano Karabatic\n\t\t\t\t<\/dd><\/dl><br style=\"clear: both\" \/>\n\t\t<\/div>\n\n<p style=\"text-align: center;\">Profitons de l\u2019occasion pour parler des photos sans soleil, \u00e0 la nuit tomb\u00e9e, sous la pluie&#8230;. ou la neige.<br \/>\nRassurez-vous mari\u00e9s d\u2019hiver nous avons de quoi vous combler et immortaliser Votre Grand Jour !<br \/>\nAudace et originalit\u00e9 sont au rendez-vous au domaine du Ch\u00e2teau de Vullierens, nous esp\u00e9rons vous avoir convaincus ?<\/p>\n\n\t\t<style type=\"text\/css\">\n\t\t\t#gallery-4 {\n\t\t\t\tmargin: auto;\n\t\t\t}\n\t\t\t#gallery-4 .gallery-item {\n\t\t\t\tfloat: left;\n\t\t\t\tmargin-top: 10px;\n\t\t\t\ttext-align: center;\n\t\t\t\twidth: 33%;\n\t\t\t}\n\t\t\t#gallery-4 img {\n\t\t\t\tborder: 2px solid #cfcfcf;\n\t\t\t}\n\t\t\t#gallery-4 .gallery-caption {\n\t\t\t\tmargin-left: 0;\n\t\t\t}\n\t\t\t\/* see gallery_shortcode() in wp-includes\/media.php *\/\n\t\t<\/style>\n\t\t<div id='gallery-4' class='gallery galleryid-7995 gallery-columns-3 gallery-size-large'><dl class='gallery-item'>\n\t\t\t<dt class='gallery-icon portrait'>\n\t\t\t\t<a href='https:\/\/portesdesiris.ch\/de\/portes-des-iris-mariage-2\/'><img loading=\"lazy\" decoding=\"async\" width=\"684\" height=\"1024\" src=\"https:\/\/portesdesiris.ch\/wp-content\/uploads\/2019\/12\/portes-des-iris-mariage-684x1024.jpeg\" class=\"attachment-large size-large\" alt=\"mari\u00e9s devant la chemin\u00e9e aux Portes des Iris\" aria-describedby=\"gallery-4-8130\" srcset=\"https:\/\/portesdesiris.ch\/wp-content\/uploads\/2019\/12\/portes-des-iris-mariage-684x1024.jpeg 684w, https:\/\/portesdesiris.ch\/wp-content\/uploads\/2019\/12\/portes-des-iris-mariage-200x300.jpeg 200w, https:\/\/portesdesiris.ch\/wp-content\/uploads\/2019\/12\/portes-des-iris-mariage-768x1151.jpeg 768w, https:\/\/portesdesiris.ch\/wp-content\/uploads\/2019\/12\/portes-des-iris-mariage-1025x1536.jpeg 1025w, https:\/\/portesdesiris.ch\/wp-content\/uploads\/2019\/12\/portes-des-iris-mariage-1367x2048.jpeg 1367w, https:\/\/portesdesiris.ch\/wp-content\/uploads\/2019\/12\/portes-des-iris-mariage.jpeg 1282w\" sizes=\"auto, (max-width: 684px) 100vw, 684px\" \/><\/a>\n\t\t\t<\/dt>\n\t\t\t\t<dd class='wp-caption-text gallery-caption' id='gallery-4-8130'>\n\t\t\t\tPhoto: David Zuber Photography\n\t\t\t\t<\/dd><\/dl><dl class='gallery-item'>\n\t\t\t<dt class='gallery-icon portrait'>\n\t\t\t\t<a href='https:\/\/portesdesiris.ch\/de\/portes-des-iris-mariage-6-2-2\/'><img loading=\"lazy\" decoding=\"async\" width=\"696\" height=\"1024\" src=\"https:\/\/portesdesiris.ch\/wp-content\/uploads\/2019\/12\/portes-des-iris-mariage-6-1-696x1024.jpeg\" class=\"attachment-large size-large\" alt=\"mari\u00e9s devant Portes des Iris, photo sur une balan\u00e7oire\" aria-describedby=\"gallery-4-8127\" srcset=\"https:\/\/portesdesiris.ch\/wp-content\/uploads\/2019\/12\/portes-des-iris-mariage-6-1-696x1024.jpeg 696w, https:\/\/portesdesiris.ch\/wp-content\/uploads\/2019\/12\/portes-des-iris-mariage-6-1-204x300.jpeg 204w, https:\/\/portesdesiris.ch\/wp-content\/uploads\/2019\/12\/portes-des-iris-mariage-6-1-768x1129.jpeg 768w, https:\/\/portesdesiris.ch\/wp-content\/uploads\/2019\/12\/portes-des-iris-mariage-6-1-1045x1536.jpeg 1045w, https:\/\/portesdesiris.ch\/wp-content\/uploads\/2019\/12\/portes-des-iris-mariage-6-1-1393x2048.jpeg 1393w, https:\/\/portesdesiris.ch\/wp-content\/uploads\/2019\/12\/portes-des-iris-mariage-6-1.jpeg 1306w\" sizes=\"auto, (max-width: 696px) 100vw, 696px\" \/><\/a>\n\t\t\t<\/dt>\n\t\t\t\t<dd class='wp-caption-text gallery-caption' id='gallery-4-8127'>\n\t\t\t\tPhoto : Vincent Hofer\n\t\t\t\t<\/dd><\/dl><dl class='gallery-item'>\n\t\t\t<dt class='gallery-icon portrait'>\n\t\t\t\t<a href='https:\/\/portesdesiris.ch\/de\/portes-des-iris-mariage-10-2\/'><img loading=\"lazy\" decoding=\"async\" width=\"683\" height=\"1024\" src=\"https:\/\/portesdesiris.ch\/wp-content\/uploads\/2019\/12\/portes-des-iris-mariage-10-683x1024.jpeg\" class=\"attachment-large size-large\" alt=\"Mari\u00e9e de juillet 2019 dans Portes des Iris\" aria-describedby=\"gallery-4-8133\" srcset=\"https:\/\/portesdesiris.ch\/wp-content\/uploads\/2019\/12\/portes-des-iris-mariage-10-683x1024.jpeg 683w, https:\/\/portesdesiris.ch\/wp-content\/uploads\/2019\/12\/portes-des-iris-mariage-10-200x300.jpeg 200w, https:\/\/portesdesiris.ch\/wp-content\/uploads\/2019\/12\/portes-des-iris-mariage-10-768x1151.jpeg 768w, https:\/\/portesdesiris.ch\/wp-content\/uploads\/2019\/12\/portes-des-iris-mariage-10-1025x1536.jpeg 1025w, https:\/\/portesdesiris.ch\/wp-content\/uploads\/2019\/12\/portes-des-iris-mariage-10-1367x2048.jpeg 1367w, https:\/\/portesdesiris.ch\/wp-content\/uploads\/2019\/12\/portes-des-iris-mariage-10.jpeg 1281w\" sizes=\"auto, (max-width: 683px) 100vw, 683px\" \/><\/a>\n\t\t\t<\/dt>\n\t\t\t\t<dd class='wp-caption-text gallery-caption' id='gallery-4-8133'>\n\t\t\t\tPhoto: Linda Otterstedt\/worldphotographer\n\t\t\t\t<\/dd><\/dl><br style=\"clear: both\" \/>\n\t\t<\/div>\n\n<p style=\"text-align: center;\">N&#8217;oublions pas l&#8217;oeil du photographe de mariage, ce professionnel et artiste qui mettra de la po\u00e9sie, de la sensibilit\u00e9 et de l&#8217;originalit\u00e9 pour immortaliser vos instants,\u00a0votre bonheur, cette magnifique \u00e9tape de vie!\u00a0Nous connaissons les meilleurs et vous les recommandons sur demande.<\/p>\n<blockquote>\n<div dir=\"ltr\">\n<div style=\"text-align: left;\">\n<div id=\"attachment_8150\" style=\"width: 810px\" class=\"wp-caption aligncenter\"><img loading=\"lazy\" decoding=\"async\" aria-describedby=\"caption-attachment-8150\" class=\"wp-image-8150 \" src=\"https:\/\/portesdesiris.ch\/wp-content\/uploads\/2019\/12\/portes-des-iris-mariage-7-1.jpeg\" alt=\"Mari\u00e9s dans la grange avec demoiselles et gar\u00e7ons d'honneur, mariage indien aux Portes des Iris.\" width=\"800\" height=\"534\" srcset=\"https:\/\/portesdesiris.ch\/wp-content\/uploads\/2019\/12\/portes-des-iris-mariage-7-1.jpeg 1900w, https:\/\/portesdesiris.ch\/wp-content\/uploads\/2019\/12\/portes-des-iris-mariage-7-1-300x200.jpeg 300w, https:\/\/portesdesiris.ch\/wp-content\/uploads\/2019\/12\/portes-des-iris-mariage-7-1-1024x683.jpeg 1024w, https:\/\/portesdesiris.ch\/wp-content\/uploads\/2019\/12\/portes-des-iris-mariage-7-1-768x513.jpeg 768w, https:\/\/portesdesiris.ch\/wp-content\/uploads\/2019\/12\/portes-des-iris-mariage-7-1-1536x1025.jpeg 1536w\" sizes=\"auto, (max-width: 800px) 100vw, 800px\" \/><p id=\"caption-attachment-8150\" class=\"wp-caption-text\">Pic: Gabriela Oswald Photography<\/p><\/div>\n<p>&nbsp;<\/p>\n<p><span style=\"font-size: 16px;\">D\u00e9cembre 2019, Sophie Bertorelli<\/span><\/p>\n<\/div>\n<\/div>\n<\/blockquote>\n","protected":false},"excerpt":{"rendered":"<p>Lorsqu&#8217;on se lance dans l\u2019organisation de son mariage, il est naturel de se focaliser en priorit\u00e9 sur la c\u00e9r\u00e9monie, le lieu pour le cocktail et la soir\u00e9e. Puis on se projette rapidement dans la d\u00e9coration, le mobilier, le repas, la liste des invit\u00e9s, les v\u00eatements\u2026. Mais qu\u2019en est-il des photos et surtout Du spot photo [&hellip;]<\/p>\n","protected":false},"author":6,"featured_media":8012,"comment_status":"open","ping_status":"open","sticky":false,"template":"","format":"gallery","meta":{"_acf_changed":false,"footnotes":""},"categories":[1,26,28,13,29,15],"tags":[],"class_list":["post-7995","post","type-post","status-publish","format-gallery","has-post-thumbnail","hentry","category-blog","category-idees","category-jardins-des-iris","category-wedding","category-photographe","category-providers","post_format-post-format-gallery"],"acf":[],"yoast_head":"<!-- This site is optimized with the Yoast SEO plugin v26.7 - https:\/\/yoast.com\/wordpress\/plugins\/seo\/ -->\n<title>Des dizaines de spots photos originauxen exclusivit\u00e9 au Domaine du Ch\u00e2teau de Vullierens - Portes des Iris<\/title>\n<meta name=\"robots\" content=\"index, follow, max-snippet:-1, max-image-preview:large, max-video-preview:-1\" \/>\n<link rel=\"canonical\" href=\"https:\/\/portesdesiris.ch\/les-meilleurs-photos-spot-notre-selection-pour-nos-maries\/\" \/>\n<meta property=\"og:locale\" content=\"de_DE\" \/>\n<meta property=\"og:type\" content=\"article\" \/>\n<meta property=\"og:title\" content=\"Des dizaines de spots photos originauxen exclusivit\u00e9 au Domaine du Ch\u00e2teau de Vullierens - Portes des Iris\" \/>\n<meta property=\"og:description\" content=\"Lorsqu&#8217;on se lance dans l\u2019organisation de son mariage, il est naturel de se focaliser en priorit\u00e9 sur la c\u00e9r\u00e9monie, le lieu pour le cocktail et la soir\u00e9e. Puis on se projette rapidement dans la d\u00e9coration, le mobilier, le repas, la liste des invit\u00e9s, les v\u00eatements\u2026. Mais qu\u2019en est-il des photos et surtout Du spot photo [&hellip;]\" \/>\n<meta property=\"og:url\" content=\"https:\/\/portesdesiris.ch\/les-meilleurs-photos-spot-notre-selection-pour-nos-maries\/\" \/>\n<meta property=\"og:site_name\" content=\"Portes des Iris\" \/>\n<meta property=\"article:publisher\" content=\"https:\/\/www.facebook.com\/portesdesiris\/\" \/>\n<meta property=\"article:published_time\" content=\"2019-12-17T12:58:47+00:00\" \/>\n<meta property=\"article:modified_time\" content=\"2025-01-23T16:00:23+00:00\" \/>\n<meta property=\"og:image\" content=\"https:\/\/portesdesiris.ch\/wp-content\/uploads\/2019\/12\/portes-des-iris-mariage-5.jpeg\" \/>\n\t<meta property=\"og:image:width\" content=\"900\" \/>\n\t<meta property=\"og:image:height\" content=\"600\" \/>\n\t<meta property=\"og:image:type\" content=\"image\/jpeg\" \/>\n<meta name=\"author\" content=\"Portes des Iris\" \/>\n<meta name=\"twitter:card\" content=\"summary_large_image\" \/>\n<meta name=\"twitter:label1\" content=\"Verfasst von\" \/>\n\t<meta name=\"twitter:data1\" content=\"Portes des Iris\" \/>\n\t<meta name=\"twitter:label2\" content=\"Gesch\u00e4tzte Lesezeit\" \/>\n\t<meta name=\"twitter:data2\" content=\"3\u00a0Minuten\" \/>\n<script type=\"application\/ld+json\" class=\"yoast-schema-graph\">{\"@context\":\"https:\/\/schema.org\",\"@graph\":[{\"@type\":\"Article\",\"@id\":\"https:\/\/portesdesiris.ch\/les-meilleurs-photos-spot-notre-selection-pour-nos-maries\/#article\",\"isPartOf\":{\"@id\":\"https:\/\/portesdesiris.ch\/les-meilleurs-photos-spot-notre-selection-pour-nos-maries\/\"},\"author\":{\"name\":\"Portes des Iris\",\"@id\":\"https:\/\/portesdesiris.ch\/de\/#\/schema\/person\/1fec589d003851c4ffe308e8071bffeb\"},\"headline\":\"Des dizaines de spots photos originauxen exclusivit\u00e9 au Domaine du Ch\u00e2teau de Vullierens\",\"datePublished\":\"2019-12-17T12:58:47+00:00\",\"dateModified\":\"2025-01-23T16:00:23+00:00\",\"mainEntityOfPage\":{\"@id\":\"https:\/\/portesdesiris.ch\/les-meilleurs-photos-spot-notre-selection-pour-nos-maries\/\"},\"wordCount\":436,\"commentCount\":0,\"image\":{\"@id\":\"https:\/\/portesdesiris.ch\/les-meilleurs-photos-spot-notre-selection-pour-nos-maries\/#primaryimage\"},\"thumbnailUrl\":\"https:\/\/portesdesiris.ch\/wp-content\/uploads\/2019\/12\/portes-des-iris-mariage-5.jpeg\",\"articleSection\":[\"Blog\",\"Id\u00e9es\",\"Jardins des Iris\",\"Mariages\",\"Photographe\",\"Prestataires\"],\"inLanguage\":\"de\",\"potentialAction\":[{\"@type\":\"CommentAction\",\"name\":\"Comment\",\"target\":[\"https:\/\/portesdesiris.ch\/les-meilleurs-photos-spot-notre-selection-pour-nos-maries\/#respond\"]}]},{\"@type\":\"WebPage\",\"@id\":\"https:\/\/portesdesiris.ch\/les-meilleurs-photos-spot-notre-selection-pour-nos-maries\/\",\"url\":\"https:\/\/portesdesiris.ch\/les-meilleurs-photos-spot-notre-selection-pour-nos-maries\/\",\"name\":\"Des dizaines de spots photos originauxen exclusivit\u00e9 au Domaine du Ch\u00e2teau de Vullierens - Portes des Iris\",\"isPartOf\":{\"@id\":\"https:\/\/portesdesiris.ch\/de\/#website\"},\"primaryImageOfPage\":{\"@id\":\"https:\/\/portesdesiris.ch\/les-meilleurs-photos-spot-notre-selection-pour-nos-maries\/#primaryimage\"},\"image\":{\"@id\":\"https:\/\/portesdesiris.ch\/les-meilleurs-photos-spot-notre-selection-pour-nos-maries\/#primaryimage\"},\"thumbnailUrl\":\"https:\/\/portesdesiris.ch\/wp-content\/uploads\/2019\/12\/portes-des-iris-mariage-5.jpeg\",\"datePublished\":\"2019-12-17T12:58:47+00:00\",\"dateModified\":\"2025-01-23T16:00:23+00:00\",\"author\":{\"@id\":\"https:\/\/portesdesiris.ch\/de\/#\/schema\/person\/1fec589d003851c4ffe308e8071bffeb\"},\"breadcrumb\":{\"@id\":\"https:\/\/portesdesiris.ch\/les-meilleurs-photos-spot-notre-selection-pour-nos-maries\/#breadcrumb\"},\"inLanguage\":\"de\",\"potentialAction\":[{\"@type\":\"ReadAction\",\"target\":[\"https:\/\/portesdesiris.ch\/les-meilleurs-photos-spot-notre-selection-pour-nos-maries\/\"]}]},{\"@type\":\"ImageObject\",\"inLanguage\":\"de\",\"@id\":\"https:\/\/portesdesiris.ch\/les-meilleurs-photos-spot-notre-selection-pour-nos-maries\/#primaryimage\",\"url\":\"https:\/\/portesdesiris.ch\/wp-content\/uploads\/2019\/12\/portes-des-iris-mariage-5.jpeg\",\"contentUrl\":\"https:\/\/portesdesiris.ch\/wp-content\/uploads\/2019\/12\/portes-des-iris-mariage-5.jpeg\",\"width\":900,\"height\":600,\"caption\":\"2011-07-09 Vullierens, Switzerland -- Wedding Sarah &amp; Patrice -- All Photos Copyright 2011 by Daniel Zihlmann \/ Daniel Zihlmann Photographer -- DANIELZIHLMANN.COM --\"},{\"@type\":\"BreadcrumbList\",\"@id\":\"https:\/\/portesdesiris.ch\/les-meilleurs-photos-spot-notre-selection-pour-nos-maries\/#breadcrumb\",\"itemListElement\":[{\"@type\":\"ListItem\",\"position\":1,\"name\":\"Accueil\",\"item\":\"https:\/\/portesdesiris.ch\/de\/\"},{\"@type\":\"ListItem\",\"position\":2,\"name\":\"Des dizaines de spots photos originauxen exclusivit\u00e9 au Domaine du Ch\u00e2teau de Vullierens\"}]},{\"@type\":\"WebSite\",\"@id\":\"https:\/\/portesdesiris.ch\/de\/#website\",\"url\":\"https:\/\/portesdesiris.ch\/de\/\",\"name\":\"Portes des Iris\",\"description\":\"\",\"potentialAction\":[{\"@type\":\"SearchAction\",\"target\":{\"@type\":\"EntryPoint\",\"urlTemplate\":\"https:\/\/portesdesiris.ch\/de\/?s={search_term_string}\"},\"query-input\":{\"@type\":\"PropertyValueSpecification\",\"valueRequired\":true,\"valueName\":\"search_term_string\"}}],\"inLanguage\":\"de\"},{\"@type\":\"Person\",\"@id\":\"https:\/\/portesdesiris.ch\/de\/#\/schema\/person\/1fec589d003851c4ffe308e8071bffeb\",\"name\":\"Portes des Iris\",\"image\":{\"@type\":\"ImageObject\",\"inLanguage\":\"de\",\"@id\":\"https:\/\/portesdesiris.ch\/de\/#\/schema\/person\/image\/\",\"url\":\"https:\/\/secure.gravatar.com\/avatar\/130218f921c4cc9c452a947ae622f180eddde80d56f659695eaebe8acade8074?s=96&d=mm&r=g\",\"contentUrl\":\"https:\/\/secure.gravatar.com\/avatar\/130218f921c4cc9c452a947ae622f180eddde80d56f659695eaebe8acade8074?s=96&d=mm&r=g\",\"caption\":\"Portes des Iris\"},\"url\":\"https:\/\/portesdesiris.ch\/de\/author\/portesdesiris\/\"}]}<\/script>\n<!-- \/ Yoast SEO plugin. -->","yoast_head_json":{"title":"Des dizaines de spots photos originauxen exclusivit\u00e9 au Domaine du Ch\u00e2teau de Vullierens - Portes des Iris","robots":{"index":"index","follow":"follow","max-snippet":"max-snippet:-1","max-image-preview":"max-image-preview:large","max-video-preview":"max-video-preview:-1"},"canonical":"https:\/\/portesdesiris.ch\/les-meilleurs-photos-spot-notre-selection-pour-nos-maries\/","og_locale":"de_DE","og_type":"article","og_title":"Des dizaines de spots photos originauxen exclusivit\u00e9 au Domaine du Ch\u00e2teau de Vullierens - Portes des Iris","og_description":"Lorsqu&#8217;on se lance dans l\u2019organisation de son mariage, il est naturel de se focaliser en priorit\u00e9 sur la c\u00e9r\u00e9monie, le lieu pour le cocktail et la soir\u00e9e. Puis on se projette rapidement dans la d\u00e9coration, le mobilier, le repas, la liste des invit\u00e9s, les v\u00eatements\u2026. Mais qu\u2019en est-il des photos et surtout Du spot photo [&hellip;]","og_url":"https:\/\/portesdesiris.ch\/les-meilleurs-photos-spot-notre-selection-pour-nos-maries\/","og_site_name":"Portes des Iris","article_publisher":"https:\/\/www.facebook.com\/portesdesiris\/","article_published_time":"2019-12-17T12:58:47+00:00","article_modified_time":"2025-01-23T16:00:23+00:00","og_image":[{"width":900,"height":600,"url":"https:\/\/portesdesiris.ch\/wp-content\/uploads\/2019\/12\/portes-des-iris-mariage-5.jpeg","type":"image\/jpeg"}],"author":"Portes des Iris","twitter_card":"summary_large_image","twitter_misc":{"Verfasst von":"Portes des Iris","Gesch\u00e4tzte Lesezeit":"3\u00a0Minuten"},"schema":{"@context":"https:\/\/schema.org","@graph":[{"@type":"Article","@id":"https:\/\/portesdesiris.ch\/les-meilleurs-photos-spot-notre-selection-pour-nos-maries\/#article","isPartOf":{"@id":"https:\/\/portesdesiris.ch\/les-meilleurs-photos-spot-notre-selection-pour-nos-maries\/"},"author":{"name":"Portes des Iris","@id":"https:\/\/portesdesiris.ch\/de\/#\/schema\/person\/1fec589d003851c4ffe308e8071bffeb"},"headline":"Des dizaines de spots photos originauxen exclusivit\u00e9 au Domaine du Ch\u00e2teau de Vullierens","datePublished":"2019-12-17T12:58:47+00:00","dateModified":"2025-01-23T16:00:23+00:00","mainEntityOfPage":{"@id":"https:\/\/portesdesiris.ch\/les-meilleurs-photos-spot-notre-selection-pour-nos-maries\/"},"wordCount":436,"commentCount":0,"image":{"@id":"https:\/\/portesdesiris.ch\/les-meilleurs-photos-spot-notre-selection-pour-nos-maries\/#primaryimage"},"thumbnailUrl":"https:\/\/portesdesiris.ch\/wp-content\/uploads\/2019\/12\/portes-des-iris-mariage-5.jpeg","articleSection":["Blog","Id\u00e9es","Jardins des Iris","Mariages","Photographe","Prestataires"],"inLanguage":"de","potentialAction":[{"@type":"CommentAction","name":"Comment","target":["https:\/\/portesdesiris.ch\/les-meilleurs-photos-spot-notre-selection-pour-nos-maries\/#respond"]}]},{"@type":"WebPage","@id":"https:\/\/portesdesiris.ch\/les-meilleurs-photos-spot-notre-selection-pour-nos-maries\/","url":"https:\/\/portesdesiris.ch\/les-meilleurs-photos-spot-notre-selection-pour-nos-maries\/","name":"Des dizaines de spots photos originauxen exclusivit\u00e9 au Domaine du Ch\u00e2teau de Vullierens - Portes des Iris","isPartOf":{"@id":"https:\/\/portesdesiris.ch\/de\/#website"},"primaryImageOfPage":{"@id":"https:\/\/portesdesiris.ch\/les-meilleurs-photos-spot-notre-selection-pour-nos-maries\/#primaryimage"},"image":{"@id":"https:\/\/portesdesiris.ch\/les-meilleurs-photos-spot-notre-selection-pour-nos-maries\/#primaryimage"},"thumbnailUrl":"https:\/\/portesdesiris.ch\/wp-content\/uploads\/2019\/12\/portes-des-iris-mariage-5.jpeg","datePublished":"2019-12-17T12:58:47+00:00","dateModified":"2025-01-23T16:00:23+00:00","author":{"@id":"https:\/\/portesdesiris.ch\/de\/#\/schema\/person\/1fec589d003851c4ffe308e8071bffeb"},"breadcrumb":{"@id":"https:\/\/portesdesiris.ch\/les-meilleurs-photos-spot-notre-selection-pour-nos-maries\/#breadcrumb"},"inLanguage":"de","potentialAction":[{"@type":"ReadAction","target":["https:\/\/portesdesiris.ch\/les-meilleurs-photos-spot-notre-selection-pour-nos-maries\/"]}]},{"@type":"ImageObject","inLanguage":"de","@id":"https:\/\/portesdesiris.ch\/les-meilleurs-photos-spot-notre-selection-pour-nos-maries\/#primaryimage","url":"https:\/\/portesdesiris.ch\/wp-content\/uploads\/2019\/12\/portes-des-iris-mariage-5.jpeg","contentUrl":"https:\/\/portesdesiris.ch\/wp-content\/uploads\/2019\/12\/portes-des-iris-mariage-5.jpeg","width":900,"height":600,"caption":"2011-07-09 Vullierens, Switzerland -- Wedding Sarah &amp; Patrice -- All Photos Copyright 2011 by Daniel Zihlmann \/ Daniel Zihlmann Photographer -- DANIELZIHLMANN.COM --"},{"@type":"BreadcrumbList","@id":"https:\/\/portesdesiris.ch\/les-meilleurs-photos-spot-notre-selection-pour-nos-maries\/#breadcrumb","itemListElement":[{"@type":"ListItem","position":1,"name":"Accueil","item":"https:\/\/portesdesiris.ch\/de\/"},{"@type":"ListItem","position":2,"name":"Des dizaines de spots photos originauxen exclusivit\u00e9 au Domaine du Ch\u00e2teau de Vullierens"}]},{"@type":"WebSite","@id":"https:\/\/portesdesiris.ch\/de\/#website","url":"https:\/\/portesdesiris.ch\/de\/","name":"Portes des Iris","description":"","potentialAction":[{"@type":"SearchAction","target":{"@type":"EntryPoint","urlTemplate":"https:\/\/portesdesiris.ch\/de\/?s={search_term_string}"},"query-input":{"@type":"PropertyValueSpecification","valueRequired":true,"valueName":"search_term_string"}}],"inLanguage":"de"},{"@type":"Person","@id":"https:\/\/portesdesiris.ch\/de\/#\/schema\/person\/1fec589d003851c4ffe308e8071bffeb","name":"Portes des Iris","image":{"@type":"ImageObject","inLanguage":"de","@id":"https:\/\/portesdesiris.ch\/de\/#\/schema\/person\/image\/","url":"https:\/\/secure.gravatar.com\/avatar\/130218f921c4cc9c452a947ae622f180eddde80d56f659695eaebe8acade8074?s=96&d=mm&r=g","contentUrl":"https:\/\/secure.gravatar.com\/avatar\/130218f921c4cc9c452a947ae622f180eddde80d56f659695eaebe8acade8074?s=96&d=mm&r=g","caption":"Portes des Iris"},"url":"https:\/\/portesdesiris.ch\/de\/author\/portesdesiris\/"}]}},"_links":{"self":[{"href":"https:\/\/portesdesiris.ch\/de\/wp-json\/wp\/v2\/posts\/7995","targetHints":{"allow":["GET"]}}],"collection":[{"href":"https:\/\/portesdesiris.ch\/de\/wp-json\/wp\/v2\/posts"}],"about":[{"href":"https:\/\/portesdesiris.ch\/de\/wp-json\/wp\/v2\/types\/post"}],"author":[{"embeddable":true,"href":"https:\/\/portesdesiris.ch\/de\/wp-json\/wp\/v2\/users\/6"}],"replies":[{"embeddable":true,"href":"https:\/\/portesdesiris.ch\/de\/wp-json\/wp\/v2\/comments?post=7995"}],"version-history":[{"count":2,"href":"https:\/\/portesdesiris.ch\/de\/wp-json\/wp\/v2\/posts\/7995\/revisions"}],"predecessor-version":[{"id":18772,"href":"https:\/\/portesdesiris.ch\/de\/wp-json\/wp\/v2\/posts\/7995\/revisions\/18772"}],"wp:featuredmedia":[{"embeddable":true,"href":"https:\/\/portesdesiris.ch\/de\/wp-json\/wp\/v2\/media\/8012"}],"wp:attachment":[{"href":"https:\/\/portesdesiris.ch\/de\/wp-json\/wp\/v2\/media?parent=7995"}],"wp:term":[{"taxonomy":"category","embeddable":true,"href":"https:\/\/portesdesiris.ch\/de\/wp-json\/wp\/v2\/categories?post=7995"},{"taxonomy":"post_tag","embeddable":true,"href":"https:\/\/portesdesiris.ch\/de\/wp-json\/wp\/v2\/tags?post=7995"}],"curies":[{"name":"wp","href":"https:\/\/api.w.org\/{rel}","templated":true}]}}