{"id":11409,"date":"2020-10-23T17:23:05","date_gmt":"2020-10-23T15:23:05","guid":{"rendered":"https:\/\/portesdesiris.ch\/?p=11409"},"modified":"2020-11-25T10:22:47","modified_gmt":"2020-11-25T09:22:47","slug":"julie-haering","status":"publish","type":"post","link":"https:\/\/portesdesiris.ch\/de\/julie-haering\/","title":{"rendered":"Julie Haering, coordinatrice marketing au Ch\u00e2teau de Vullierens"},"content":{"rendered":"<h3><strong>Parle-nous de toi, ton parcours, tes \u00e9tudes, tes int\u00e9r\u00eats.<\/strong><\/h3>\n<p>Je m\u2019appelle Julie Haering, j\u2019ai 24 ans et j&#8217;habite depuis toujours \u00e0 Sullens o\u00f9 je m\u2019y sens tr\u00e8s bien. Apr\u00e8s avoir effectu\u00e9 un apprentissage de commerce tr\u00e8s enrichissant chez Nestl\u00e9 SA, \u00e0 Vevey, j\u2019ai valid\u00e9 mes connaissances en obtenant une maturit\u00e9 professionnelle commerciale en voie \u00e9conomie. Je suis ensuite partie \u00e9tudier 9 mois \u00e0 Sydney en Australie. Cette exp\u00e9rience m&#8217;a non seulement permis de perfectionner mon anglais, mais elle m&#8217;a donn\u00e9 l&#8217;occasion de vivre dans un environnement diff\u00e9rent, loin de chez moi, et a mis \u00e0 l&#8217;\u00e9preuve ma capacit\u00e9 d&#8217;adaptation \u00e0 un nouveau pays et \u00e0 une nouvelle culture. Ce s\u00e9jour m&#8217;a \u00e9galement offert une nouvelle perspective sur mon pays, m&#8217;a permis d&#8217;appr\u00e9cier et de tirer encore plus de fiert\u00e9 des merveilleuses qualit\u00e9s de la Suisse, que j\u2019affectionne encore plus maintenant !<\/p>\n<p>Dans mon temps libre, j\u2019aime passer du temps entour\u00e9e de mes proches, que \u00e7a soit autour d\u2019un bon repas, avec une raquette de tennis \u00e0 la main ou encore au sommet d\u2019une montagne lors d\u2019une randonn\u00e9e.<\/p>\n<h3><strong>Qu\u2019est-ce qui t\u2019a amen\u00e9 \u00e0 Portes des Iris ? Qu\u2019est-ce qui t\u2019a attir\u00e9 ?\u00a0<\/strong><\/h3>\n<p>C\u2019est une amie qui \u00e9tait stagiaire aux Portes des Iris. On \u00e9changeait beaucoup sur son travail et ses t\u00e2ches. J\u2019ai tout de suite eu envie de d\u00e9couvrir par moi-m\u00eame ce lieu fantastique et j\u2019ai donc postul\u00e9 pour reprendre son poste \u00e0 son d\u00e9part.<\/p>\n<p>Tout d&#8217;abord, j&#8217;ai effectu\u00e9 un stage d\u2019un an qui m\u2019a permis de me familiariser avec la partie \u00e9v\u00e9nementielle, Portes des Iris, et la partie touristique du domaine, Ch\u00e2teau de Vullierens. Puis les activit\u00e9s se sont d\u00e9velopp\u00e9es et un poste a \u00e9t\u00e9 cr\u00e9\u00e9 et m&#8217;a \u00e9t\u00e9 confi\u00e9 en 2018.<\/p>\n<p>J\u2019ai \u00e9t\u00e9 attir\u00e9e par la diversit\u00e9 des \u00e9v\u00e9nements ainsi que par le service 5* qu\u2019offre Portes des Iris. Quant au Ch\u00e2teau de Vullierens, son histoire familiale et son patrimoine m\u2019ont de suite motiv\u00e9s, puis la vari\u00e9t\u00e9 des activit\u00e9s propos\u00e9es au domaine. Qu\u2019on vienne en famille, entre amis, en couple ou en solo, il y aura toujours quelque chose de nouveau \u00e0 faire et \u00e0 d\u00e9couvrir. Aussi, apr\u00e8s une exp\u00e9rience de 3 ans dans une multinationale, j\u2019avais envie de trouver une structure plus petite et plus familiale.<\/p>\n<p><strong><img loading=\"lazy\" decoding=\"async\" class=\"aligncenter wp-image-11410 \" src=\"https:\/\/portesdesiris.ch\/wp-content\/uploads\/2020\/10\/chateau-de-vullierens-vue-aerienne.jpg\" alt=\"Vue a\u00e9rienne des jardins du Ch\u00e2teau de Vullierens\" width=\"710\" height=\"533\" srcset=\"https:\/\/portesdesiris.ch\/wp-content\/uploads\/2020\/10\/chateau-de-vullierens-vue-aerienne.jpg 1000w, https:\/\/portesdesiris.ch\/wp-content\/uploads\/2020\/10\/chateau-de-vullierens-vue-aerienne-300x225.jpg 300w, https:\/\/portesdesiris.ch\/wp-content\/uploads\/2020\/10\/chateau-de-vullierens-vue-aerienne-768x576.jpg 768w\" sizes=\"auto, (max-width: 710px) 100vw, 710px\" \/><\/strong><\/p>\n<h3><strong>Ton stage a finalement \u00e9volu\u00e9 en un poste fixe, que fais-tu ?<\/strong><\/h3>\n<p>Je m\u2019occupe de tout ce qui touche au Ch\u00e2teau de Vullierens, la partie loisir du domaine. Mon activit\u00e9 est divis\u00e9e en 2 grandes sections\u00a0:<\/p>\n<ol>\n<li>Le marketing et la communication<\/li>\n<li>La gestion de projets li\u00e9s \u00e0 l&#8217;ouverture saisonni\u00e8re des Jardins<\/li>\n<\/ol>\n<p>Le deuxi\u00e8me point est la partie qui m&#8217;occupe toute l&#8217;ann\u00e9e entre pr\u00e9paratif, p\u00e9riode d&#8217;ouverture et fermeture. \u00a0Mes activit\u00e9s principales comprennent le recrutement du staff pour la saison, la recherche de fournisseurs pour notre boutique, la cr\u00e9ation d\u2019un programme d\u2019animations, la logistique de l&#8217;implantation des sculptures, etc.. Pour le marketing: la gestion des r\u00e9seaux sociaux et du site internet, l&#8217;impression de diff\u00e9rents supports ainsi que le contact avec la presse et les offices du tourisme.<\/p>\n<p>D&#8217;autre part, je soutiens aussi l&#8217;\u00e9quipe \u00e9v\u00e9nementiel de Portes des Iris quand c&#8217;est n\u00e9cessaire.<\/p>\n<h3><strong>Qu\u2019est-ce qui te pla\u00eet le plus ?<\/strong><\/h3>\n<p>La diversit\u00e9 des t\u00e2ches sans aucune h\u00e9sitation\u00a0! Au Ch\u00e2teau de Vullierens, il n\u2019y a pas une journ\u00e9e qui se ressemble, en arrivant le matin je ne sais jamais comment la journ\u00e9e va se d\u00e9rouler et \u00e7a c\u2019est pr\u00e9cieux, pas de routine possible. J\u2019appr\u00e9cie aussi beaucoup d\u2019\u00eatre sur le terrain, lors des grosses journ\u00e9es d\u2019ouverture, \u00e0 coordonner les diff\u00e9rentes animations pr\u00e9vues, g\u00e9rer le staff, solutionner les impr\u00e9vus et bien \u00e9videmment renseigner les visiteurs. Les regarder partir avec des \u00e9toiles dans les yeux est ma plus belle r\u00e9compense.<\/p>\n<p><strong><img loading=\"lazy\" decoding=\"async\" class=\"aligncenter wp-image-11413 \" src=\"https:\/\/portesdesiris.ch\/wp-content\/uploads\/2020\/10\/chateau-de-vullierens-julie-haering.jpg\" alt=\"La staff Julie Haering \u00e0 l'accueil des visiteurs.\" width=\"530\" height=\"707\" srcset=\"https:\/\/portesdesiris.ch\/wp-content\/uploads\/2020\/10\/chateau-de-vullierens-julie-haering.jpg 768w, https:\/\/portesdesiris.ch\/wp-content\/uploads\/2020\/10\/chateau-de-vullierens-julie-haering-225x300.jpg 225w\" sizes=\"auto, (max-width: 530px) 100vw, 530px\" \/><\/strong><\/p>\n<h3><strong>Ton poste n\u2019existait pas, qu\u2019as-tu mis en place, vu \u00e9voluer depuis ton arriv\u00e9e ?<\/strong><\/h3>\n<p>Le Ch\u00e2teau de Vullierens est devenu une exp\u00e9rience et plus seulement une simple visite d\u2019un beau jardin et un champs d&#8217;iris. Il y en a \u00e0 pr\u00e9sent pour tout le monde\u00a0: amateur de vin, d\u2019art, de culture et les passionn\u00e9s de fleurs ainsi que les familles et les groupes y trouvent leurs comptes. Le d\u00e9veloppement s\u2019est aussi fait ressentir au niveau de notre programme d\u2019animations qui s\u2019est beaucoup enrichi en offrant des activit\u00e9s toute l\u2019ann\u00e9e (comme un open air cin\u00e9ma, des balades \u0153nologiques, des journ\u00e9es enfants avec Foodtrucks dans la cour du Ch\u00e2teau ou encore un spectacle immersif by night). J\u2019ai aussi remarqu\u00e9 que la client\u00e8le se rajeunit, notamment gr\u00e2ce aux diff\u00e9rentes activit\u00e9s pour les familles que nous proposons depuis peu et cela me r\u00e9jouit\u00a0!<\/p>\n<p><img loading=\"lazy\" decoding=\"async\" class=\"aligncenter wp-image-11496 size-full\" src=\"https:\/\/portesdesiris.ch\/wp-content\/uploads\/2020\/10\/Chateau-de-vullierens-spectacle-alice-au-jardin-des-merveilles-1.jpg\" alt=\"Spectacle Alice de nuit.\" width=\"1000\" height=\"667\" srcset=\"https:\/\/portesdesiris.ch\/wp-content\/uploads\/2020\/10\/Chateau-de-vullierens-spectacle-alice-au-jardin-des-merveilles-1.jpg 1000w, https:\/\/portesdesiris.ch\/wp-content\/uploads\/2020\/10\/Chateau-de-vullierens-spectacle-alice-au-jardin-des-merveilles-1-300x200.jpg 300w, https:\/\/portesdesiris.ch\/wp-content\/uploads\/2020\/10\/Chateau-de-vullierens-spectacle-alice-au-jardin-des-merveilles-1-768x512.jpg 768w\" sizes=\"auto, (max-width: 1000px) 100vw, 1000px\" \/><\/p>\n<p><img loading=\"lazy\" decoding=\"async\" class=\"aligncenter wp-image-11479 size-full\" src=\"https:\/\/portesdesiris.ch\/wp-content\/uploads\/2020\/10\/chateau-de-vullierens-open-air-cinema.jpg\" alt=\"Open air cinema dans les jardins en septembre 2020.\" width=\"1000\" height=\"667\" srcset=\"https:\/\/portesdesiris.ch\/wp-content\/uploads\/2020\/10\/chateau-de-vullierens-open-air-cinema.jpg 1000w, https:\/\/portesdesiris.ch\/wp-content\/uploads\/2020\/10\/chateau-de-vullierens-open-air-cinema-300x200.jpg 300w, https:\/\/portesdesiris.ch\/wp-content\/uploads\/2020\/10\/chateau-de-vullierens-open-air-cinema-768x512.jpg 768w\" sizes=\"auto, (max-width: 1000px) 100vw, 1000px\" \/><\/p>\n<p><img loading=\"lazy\" decoding=\"async\" class=\"aligncenter wp-image-11476 size-full\" src=\"https:\/\/portesdesiris.ch\/wp-content\/uploads\/2020\/10\/chateau-de-vullierens-balade-oenologique-e1604047623575.jpg\" alt=\"D\u00e9gustation de nos vins dans notre cave historique.\" width=\"1000\" height=\"670\" srcset=\"https:\/\/portesdesiris.ch\/wp-content\/uploads\/2020\/10\/chateau-de-vullierens-balade-oenologique-e1604047623575.jpg 1000w, https:\/\/portesdesiris.ch\/wp-content\/uploads\/2020\/10\/chateau-de-vullierens-balade-oenologique-e1604047623575-300x201.jpg 300w, https:\/\/portesdesiris.ch\/wp-content\/uploads\/2020\/10\/chateau-de-vullierens-balade-oenologique-e1604047623575-768x515.jpg 768w, https:\/\/portesdesiris.ch\/wp-content\/uploads\/2020\/10\/chateau-de-vullierens-balade-oenologique-e1604047623575-683x458.jpg 683w\" sizes=\"auto, (max-width: 1000px) 100vw, 1000px\" \/><\/p>\n<h3><strong>Qu\u2019est-ce qui le rend sp\u00e9cial ?<\/strong><\/h3>\n<p>Mon travail d\u00e9pend de la m\u00e9t\u00e9o, cela demande donc beaucoup d\u2019anticipation ainsi que de l\u2019adaptation. Ca le rend sp\u00e9cial car c\u2019est un \u00e9l\u00e9ment qu\u2019on ne peut pas ma\u00eetriser et qui aura toujours le dernier mot.<\/p>\n<h3><strong>Quelle est ta fleur pr\u00e9f\u00e9r\u00e9e ?<\/strong><\/h3>\n<p>Difficile de choisir entre la pivoine ou le dahlia\u2026 Dans mon jardin, c\u2019est les dahlias qui l\u2019emportent pour leur c\u00f4t\u00e9 d\u00e9jant\u00e9 mais \u00e0 la fois parfait ! En effet, leurs tailles hors norme, leurs couleurs vives et leurs p\u00e9tales harmonieuses me plaisent \u00e9norm\u00e9ment. Des centaines de vari\u00e9t\u00e9s existent, du vif au pastel, offrant une palette compl\u00e8te de formes toutes aussi surprenantes que magnifiques. C\u2019est aussi une fleur qui fleurit en \u00e9t\u00e9, ma saison pr\u00e9f\u00e9r\u00e9e.<\/p>\n<h3><strong><img loading=\"lazy\" decoding=\"async\" class=\"aligncenter wp-image-11488 \" src=\"https:\/\/portesdesiris.ch\/wp-content\/uploads\/2020\/10\/chateau-de-vullierens-dahlias.jpg\" alt=\"Dahlia rouge et blanche dans le jardin de Doreen.\" width=\"557\" height=\"742\" srcset=\"https:\/\/portesdesiris.ch\/wp-content\/uploads\/2020\/10\/chateau-de-vullierens-dahlias.jpg 1000w, https:\/\/portesdesiris.ch\/wp-content\/uploads\/2020\/10\/chateau-de-vullierens-dahlias-225x300.jpg 225w, https:\/\/portesdesiris.ch\/wp-content\/uploads\/2020\/10\/chateau-de-vullierens-dahlias-768x1024.jpg 768w\" sizes=\"auto, (max-width: 557px) 100vw, 557px\" \/><\/strong><\/h3>\n<h3><strong>Ton sculpteur ?\u00a0<\/strong><\/h3>\n<p>Je dois avouer que j\u2019ai commenc\u00e9 \u00e0 m\u2019int\u00e9resser d\u2019un peu plus pr\u00e8s \u00e0 l\u2019art en arrivant au Ch\u00e2teau de Vullierens. En effet, les 85 sculptures diss\u00e9min\u00e9es dans les jardins ne m\u2019ont pas laiss\u00e9e indiff\u00e9rente de par leur grandeur, leur histoire et de la mani\u00e8re dont elles font vivre l\u2019espace. J\u2019appr\u00e9cie particuli\u00e8rement le travail de l\u2019artiste belge Pol Quadens, pr\u00e9sent dans les jardins depuis 2018. Ses deux pi\u00e8ces monumentales en acier inoxydable offrent aux visiteurs mille et un reflets sur ce qui l\u2019entoure.<\/p>\n<h3><strong><img loading=\"lazy\" decoding=\"async\" class=\"aligncenter wp-image-11424 \" src=\"https:\/\/portesdesiris.ch\/wp-content\/uploads\/2020\/10\/chateau-de-vullierens-pol-quadens.jpg\" alt=\"\" width=\"542\" height=\"599\" \/><\/strong><\/h3>\n<h3><strong>Comment te vois-tu dans 10 ans ?<\/strong><\/h3>\n<p>D\u2019un point de vue professionnel, c\u2019est difficile \u00e0 dire, je serai tr\u00e8s certainement encore dans le domaine touristique, mais qui sait, peut-\u00eatre \u00e0 l\u2019\u00e9tranger et non en Suisse. Je suis par contre convaincue que ce sera dans un endroit qui m\u2019apportera beaucoup de plaisir et d\u2019\u00e9panouissement, comme c\u2019est le cas actuellement. C\u2019est tr\u00e8s important pour moi de faire quelque chose qui me stimule et me pla\u00eet. Du c\u00f4t\u00e9 priv\u00e9, j\u2019esp\u00e8re que j\u2019aurais d\u2019ici l\u00e0 cr\u00e9\u00e9\u00a0ma petite famille et passerai toujours autant de bon moment \u00e0 d\u00e9couvrir le monde avec mes proches. Et si on refaisait le point dans 10 ans, peut-\u00eatre serais-je encore toujours au Ch\u00e2teau de Vullierens ?<\/p>\n<h3><strong>Si tu devais changer de direction, que ferais-tu ? Quelle sera ta deuxi\u00e8me vie professionnelle ?<\/strong><\/h3>\n<p>Je suis de plus en plus attir\u00e9e par les m\u00e9tiers manuels, des m\u00e9tiers de terrain, je me rends compte que je ne suis pas faite pour rester 8h assise face \u00e0 mon \u00e9cran. Paradoxalement, je me dirigerai bien du c\u00f4t\u00e9 des statistiques.<\/p>\n<p>Novembre 2020 \/ Julie Haering<\/p>\n<p>&nbsp;<\/p>\n","protected":false},"excerpt":{"rendered":"<p>Parle-nous de toi, ton parcours, tes \u00e9tudes, tes int\u00e9r\u00eats. Je m\u2019appelle Julie Haering, j\u2019ai 24 ans et j&#8217;habite depuis toujours \u00e0 Sullens o\u00f9 je m\u2019y sens tr\u00e8s bien. Apr\u00e8s avoir effectu\u00e9 un apprentissage de commerce tr\u00e8s enrichissant chez Nestl\u00e9 SA, \u00e0 Vevey, j\u2019ai valid\u00e9 mes connaissances en obtenant une maturit\u00e9 professionnelle commerciale en voie \u00e9conomie. [&hellip;]<\/p>\n","protected":false},"author":6,"featured_media":11419,"comment_status":"open","ping_status":"open","sticky":false,"template":"","format":"standard","meta":{"_acf_changed":false,"footnotes":""},"categories":[25,28,16,30],"tags":[],"class_list":["post-11409","post","type-post","status-publish","format-standard","has-post-thumbnail","hentry","category-histoire-du-domaine","category-jardins-des-iris","category-the-domain","category-staff"],"acf":[],"yoast_head":"<!-- This site is optimized with the Yoast SEO plugin v26.7 - https:\/\/yoast.com\/wordpress\/plugins\/seo\/ -->\n<title>Julie Haering, coordinatrice marketing au Ch\u00e2teau de Vullierens - Portes des Iris<\/title>\n<meta name=\"robots\" content=\"index, follow, max-snippet:-1, max-image-preview:large, max-video-preview:-1\" \/>\n<link rel=\"canonical\" href=\"https:\/\/portesdesiris.ch\/julie-haering\/\" \/>\n<meta property=\"og:locale\" content=\"de_DE\" \/>\n<meta property=\"og:type\" content=\"article\" \/>\n<meta property=\"og:title\" content=\"Julie Haering, coordinatrice marketing au Ch\u00e2teau de Vullierens - Portes des Iris\" \/>\n<meta property=\"og:description\" content=\"Parle-nous de toi, ton parcours, tes \u00e9tudes, tes int\u00e9r\u00eats. Je m\u2019appelle Julie Haering, j\u2019ai 24 ans et j&#8217;habite depuis toujours \u00e0 Sullens o\u00f9 je m\u2019y sens tr\u00e8s bien. Apr\u00e8s avoir effectu\u00e9 un apprentissage de commerce tr\u00e8s enrichissant chez Nestl\u00e9 SA, \u00e0 Vevey, j\u2019ai valid\u00e9 mes connaissances en obtenant une maturit\u00e9 professionnelle commerciale en voie \u00e9conomie. [&hellip;]\" \/>\n<meta property=\"og:url\" content=\"https:\/\/portesdesiris.ch\/julie-haering\/\" \/>\n<meta property=\"og:site_name\" content=\"Portes des Iris\" \/>\n<meta property=\"article:publisher\" content=\"https:\/\/www.facebook.com\/portesdesiris\/\" \/>\n<meta property=\"article:published_time\" content=\"2020-10-23T15:23:05+00:00\" \/>\n<meta property=\"article:modified_time\" content=\"2020-11-25T09:22:47+00:00\" \/>\n<meta property=\"og:image\" content=\"https:\/\/portesdesiris.ch\/wp-content\/uploads\/2020\/10\/chateau-de-vullierens-3-julie-haering-e1603967682721.jpeg\" \/>\n\t<meta property=\"og:image:width\" content=\"1000\" \/>\n\t<meta property=\"og:image:height\" content=\"727\" \/>\n\t<meta property=\"og:image:type\" content=\"image\/jpeg\" \/>\n<meta name=\"author\" content=\"Portes des Iris\" \/>\n<meta name=\"twitter:card\" content=\"summary_large_image\" \/>\n<meta name=\"twitter:label1\" content=\"Verfasst von\" \/>\n\t<meta name=\"twitter:data1\" content=\"Portes des Iris\" \/>\n\t<meta name=\"twitter:label2\" content=\"Gesch\u00e4tzte Lesezeit\" \/>\n\t<meta name=\"twitter:data2\" content=\"6\u00a0Minuten\" \/>\n<script type=\"application\/ld+json\" class=\"yoast-schema-graph\">{\"@context\":\"https:\/\/schema.org\",\"@graph\":[{\"@type\":\"Article\",\"@id\":\"https:\/\/portesdesiris.ch\/julie-haering\/#article\",\"isPartOf\":{\"@id\":\"https:\/\/portesdesiris.ch\/julie-haering\/\"},\"author\":{\"name\":\"Portes des Iris\",\"@id\":\"https:\/\/portesdesiris.ch\/de\/#\/schema\/person\/1fec589d003851c4ffe308e8071bffeb\"},\"headline\":\"Julie Haering, coordinatrice marketing au Ch\u00e2teau de Vullierens\",\"datePublished\":\"2020-10-23T15:23:05+00:00\",\"dateModified\":\"2020-11-25T09:22:47+00:00\",\"mainEntityOfPage\":{\"@id\":\"https:\/\/portesdesiris.ch\/julie-haering\/\"},\"wordCount\":1300,\"commentCount\":0,\"image\":{\"@id\":\"https:\/\/portesdesiris.ch\/julie-haering\/#primaryimage\"},\"thumbnailUrl\":\"https:\/\/portesdesiris.ch\/wp-content\/uploads\/2020\/10\/chateau-de-vullierens-3-julie-haering-e1603967682721.jpeg\",\"articleSection\":[\"Histoire du Domaine\",\"Jardins des Iris\",\"Le domaine\",\"Staff\"],\"inLanguage\":\"de\",\"potentialAction\":[{\"@type\":\"CommentAction\",\"name\":\"Comment\",\"target\":[\"https:\/\/portesdesiris.ch\/julie-haering\/#respond\"]}]},{\"@type\":\"WebPage\",\"@id\":\"https:\/\/portesdesiris.ch\/julie-haering\/\",\"url\":\"https:\/\/portesdesiris.ch\/julie-haering\/\",\"name\":\"Julie Haering, coordinatrice marketing au Ch\u00e2teau de Vullierens - Portes des Iris\",\"isPartOf\":{\"@id\":\"https:\/\/portesdesiris.ch\/de\/#website\"},\"primaryImageOfPage\":{\"@id\":\"https:\/\/portesdesiris.ch\/julie-haering\/#primaryimage\"},\"image\":{\"@id\":\"https:\/\/portesdesiris.ch\/julie-haering\/#primaryimage\"},\"thumbnailUrl\":\"https:\/\/portesdesiris.ch\/wp-content\/uploads\/2020\/10\/chateau-de-vullierens-3-julie-haering-e1603967682721.jpeg\",\"datePublished\":\"2020-10-23T15:23:05+00:00\",\"dateModified\":\"2020-11-25T09:22:47+00:00\",\"author\":{\"@id\":\"https:\/\/portesdesiris.ch\/de\/#\/schema\/person\/1fec589d003851c4ffe308e8071bffeb\"},\"breadcrumb\":{\"@id\":\"https:\/\/portesdesiris.ch\/julie-haering\/#breadcrumb\"},\"inLanguage\":\"de\",\"potentialAction\":[{\"@type\":\"ReadAction\",\"target\":[\"https:\/\/portesdesiris.ch\/julie-haering\/\"]}]},{\"@type\":\"ImageObject\",\"inLanguage\":\"de\",\"@id\":\"https:\/\/portesdesiris.ch\/julie-haering\/#primaryimage\",\"url\":\"https:\/\/portesdesiris.ch\/wp-content\/uploads\/2020\/10\/chateau-de-vullierens-3-julie-haering-e1603967682721.jpeg\",\"contentUrl\":\"https:\/\/portesdesiris.ch\/wp-content\/uploads\/2020\/10\/chateau-de-vullierens-3-julie-haering-e1603967682721.jpeg\",\"width\":1000,\"height\":727,\"caption\":\"150\u00e8me naissance\"},{\"@type\":\"BreadcrumbList\",\"@id\":\"https:\/\/portesdesiris.ch\/julie-haering\/#breadcrumb\",\"itemListElement\":[{\"@type\":\"ListItem\",\"position\":1,\"name\":\"Accueil\",\"item\":\"https:\/\/portesdesiris.ch\/de\/\"},{\"@type\":\"ListItem\",\"position\":2,\"name\":\"Julie Haering, coordinatrice marketing au Ch\u00e2teau de Vullierens\"}]},{\"@type\":\"WebSite\",\"@id\":\"https:\/\/portesdesiris.ch\/de\/#website\",\"url\":\"https:\/\/portesdesiris.ch\/de\/\",\"name\":\"Portes des Iris\",\"description\":\"\",\"potentialAction\":[{\"@type\":\"SearchAction\",\"target\":{\"@type\":\"EntryPoint\",\"urlTemplate\":\"https:\/\/portesdesiris.ch\/de\/?s={search_term_string}\"},\"query-input\":{\"@type\":\"PropertyValueSpecification\",\"valueRequired\":true,\"valueName\":\"search_term_string\"}}],\"inLanguage\":\"de\"},{\"@type\":\"Person\",\"@id\":\"https:\/\/portesdesiris.ch\/de\/#\/schema\/person\/1fec589d003851c4ffe308e8071bffeb\",\"name\":\"Portes des Iris\",\"image\":{\"@type\":\"ImageObject\",\"inLanguage\":\"de\",\"@id\":\"https:\/\/portesdesiris.ch\/de\/#\/schema\/person\/image\/\",\"url\":\"https:\/\/secure.gravatar.com\/avatar\/130218f921c4cc9c452a947ae622f180eddde80d56f659695eaebe8acade8074?s=96&d=mm&r=g\",\"contentUrl\":\"https:\/\/secure.gravatar.com\/avatar\/130218f921c4cc9c452a947ae622f180eddde80d56f659695eaebe8acade8074?s=96&d=mm&r=g\",\"caption\":\"Portes des Iris\"},\"url\":\"https:\/\/portesdesiris.ch\/de\/author\/portesdesiris\/\"}]}<\/script>\n<!-- \/ Yoast SEO plugin. -->","yoast_head_json":{"title":"Julie Haering, coordinatrice marketing au Ch\u00e2teau de Vullierens - Portes des Iris","robots":{"index":"index","follow":"follow","max-snippet":"max-snippet:-1","max-image-preview":"max-image-preview:large","max-video-preview":"max-video-preview:-1"},"canonical":"https:\/\/portesdesiris.ch\/julie-haering\/","og_locale":"de_DE","og_type":"article","og_title":"Julie Haering, coordinatrice marketing au Ch\u00e2teau de Vullierens - Portes des Iris","og_description":"Parle-nous de toi, ton parcours, tes \u00e9tudes, tes int\u00e9r\u00eats. Je m\u2019appelle Julie Haering, j\u2019ai 24 ans et j&#8217;habite depuis toujours \u00e0 Sullens o\u00f9 je m\u2019y sens tr\u00e8s bien. Apr\u00e8s avoir effectu\u00e9 un apprentissage de commerce tr\u00e8s enrichissant chez Nestl\u00e9 SA, \u00e0 Vevey, j\u2019ai valid\u00e9 mes connaissances en obtenant une maturit\u00e9 professionnelle commerciale en voie \u00e9conomie. [&hellip;]","og_url":"https:\/\/portesdesiris.ch\/julie-haering\/","og_site_name":"Portes des Iris","article_publisher":"https:\/\/www.facebook.com\/portesdesiris\/","article_published_time":"2020-10-23T15:23:05+00:00","article_modified_time":"2020-11-25T09:22:47+00:00","og_image":[{"width":1000,"height":727,"url":"https:\/\/portesdesiris.ch\/wp-content\/uploads\/2020\/10\/chateau-de-vullierens-3-julie-haering-e1603967682721.jpeg","type":"image\/jpeg"}],"author":"Portes des Iris","twitter_card":"summary_large_image","twitter_misc":{"Verfasst von":"Portes des Iris","Gesch\u00e4tzte Lesezeit":"6\u00a0Minuten"},"schema":{"@context":"https:\/\/schema.org","@graph":[{"@type":"Article","@id":"https:\/\/portesdesiris.ch\/julie-haering\/#article","isPartOf":{"@id":"https:\/\/portesdesiris.ch\/julie-haering\/"},"author":{"name":"Portes des Iris","@id":"https:\/\/portesdesiris.ch\/de\/#\/schema\/person\/1fec589d003851c4ffe308e8071bffeb"},"headline":"Julie Haering, coordinatrice marketing au Ch\u00e2teau de Vullierens","datePublished":"2020-10-23T15:23:05+00:00","dateModified":"2020-11-25T09:22:47+00:00","mainEntityOfPage":{"@id":"https:\/\/portesdesiris.ch\/julie-haering\/"},"wordCount":1300,"commentCount":0,"image":{"@id":"https:\/\/portesdesiris.ch\/julie-haering\/#primaryimage"},"thumbnailUrl":"https:\/\/portesdesiris.ch\/wp-content\/uploads\/2020\/10\/chateau-de-vullierens-3-julie-haering-e1603967682721.jpeg","articleSection":["Histoire du Domaine","Jardins des Iris","Le domaine","Staff"],"inLanguage":"de","potentialAction":[{"@type":"CommentAction","name":"Comment","target":["https:\/\/portesdesiris.ch\/julie-haering\/#respond"]}]},{"@type":"WebPage","@id":"https:\/\/portesdesiris.ch\/julie-haering\/","url":"https:\/\/portesdesiris.ch\/julie-haering\/","name":"Julie Haering, coordinatrice marketing au Ch\u00e2teau de Vullierens - Portes des Iris","isPartOf":{"@id":"https:\/\/portesdesiris.ch\/de\/#website"},"primaryImageOfPage":{"@id":"https:\/\/portesdesiris.ch\/julie-haering\/#primaryimage"},"image":{"@id":"https:\/\/portesdesiris.ch\/julie-haering\/#primaryimage"},"thumbnailUrl":"https:\/\/portesdesiris.ch\/wp-content\/uploads\/2020\/10\/chateau-de-vullierens-3-julie-haering-e1603967682721.jpeg","datePublished":"2020-10-23T15:23:05+00:00","dateModified":"2020-11-25T09:22:47+00:00","author":{"@id":"https:\/\/portesdesiris.ch\/de\/#\/schema\/person\/1fec589d003851c4ffe308e8071bffeb"},"breadcrumb":{"@id":"https:\/\/portesdesiris.ch\/julie-haering\/#breadcrumb"},"inLanguage":"de","potentialAction":[{"@type":"ReadAction","target":["https:\/\/portesdesiris.ch\/julie-haering\/"]}]},{"@type":"ImageObject","inLanguage":"de","@id":"https:\/\/portesdesiris.ch\/julie-haering\/#primaryimage","url":"https:\/\/portesdesiris.ch\/wp-content\/uploads\/2020\/10\/chateau-de-vullierens-3-julie-haering-e1603967682721.jpeg","contentUrl":"https:\/\/portesdesiris.ch\/wp-content\/uploads\/2020\/10\/chateau-de-vullierens-3-julie-haering-e1603967682721.jpeg","width":1000,"height":727,"caption":"150\u00e8me naissance"},{"@type":"BreadcrumbList","@id":"https:\/\/portesdesiris.ch\/julie-haering\/#breadcrumb","itemListElement":[{"@type":"ListItem","position":1,"name":"Accueil","item":"https:\/\/portesdesiris.ch\/de\/"},{"@type":"ListItem","position":2,"name":"Julie Haering, coordinatrice marketing au Ch\u00e2teau de Vullierens"}]},{"@type":"WebSite","@id":"https:\/\/portesdesiris.ch\/de\/#website","url":"https:\/\/portesdesiris.ch\/de\/","name":"Portes des Iris","description":"","potentialAction":[{"@type":"SearchAction","target":{"@type":"EntryPoint","urlTemplate":"https:\/\/portesdesiris.ch\/de\/?s={search_term_string}"},"query-input":{"@type":"PropertyValueSpecification","valueRequired":true,"valueName":"search_term_string"}}],"inLanguage":"de"},{"@type":"Person","@id":"https:\/\/portesdesiris.ch\/de\/#\/schema\/person\/1fec589d003851c4ffe308e8071bffeb","name":"Portes des Iris","image":{"@type":"ImageObject","inLanguage":"de","@id":"https:\/\/portesdesiris.ch\/de\/#\/schema\/person\/image\/","url":"https:\/\/secure.gravatar.com\/avatar\/130218f921c4cc9c452a947ae622f180eddde80d56f659695eaebe8acade8074?s=96&d=mm&r=g","contentUrl":"https:\/\/secure.gravatar.com\/avatar\/130218f921c4cc9c452a947ae622f180eddde80d56f659695eaebe8acade8074?s=96&d=mm&r=g","caption":"Portes des Iris"},"url":"https:\/\/portesdesiris.ch\/de\/author\/portesdesiris\/"}]}},"_links":{"self":[{"href":"https:\/\/portesdesiris.ch\/de\/wp-json\/wp\/v2\/posts\/11409","targetHints":{"allow":["GET"]}}],"collection":[{"href":"https:\/\/portesdesiris.ch\/de\/wp-json\/wp\/v2\/posts"}],"about":[{"href":"https:\/\/portesdesiris.ch\/de\/wp-json\/wp\/v2\/types\/post"}],"author":[{"embeddable":true,"href":"https:\/\/portesdesiris.ch\/de\/wp-json\/wp\/v2\/users\/6"}],"replies":[{"embeddable":true,"href":"https:\/\/portesdesiris.ch\/de\/wp-json\/wp\/v2\/comments?post=11409"}],"version-history":[{"count":0,"href":"https:\/\/portesdesiris.ch\/de\/wp-json\/wp\/v2\/posts\/11409\/revisions"}],"wp:featuredmedia":[{"embeddable":true,"href":"https:\/\/portesdesiris.ch\/de\/wp-json\/wp\/v2\/media\/11419"}],"wp:attachment":[{"href":"https:\/\/portesdesiris.ch\/de\/wp-json\/wp\/v2\/media?parent=11409"}],"wp:term":[{"taxonomy":"category","embeddable":true,"href":"https:\/\/portesdesiris.ch\/de\/wp-json\/wp\/v2\/categories?post=11409"},{"taxonomy":"post_tag","embeddable":true,"href":"https:\/\/portesdesiris.ch\/de\/wp-json\/wp\/v2\/tags?post=11409"}],"curies":[{"name":"wp","href":"https:\/\/api.w.org\/{rel}","templated":true}]}}