{"id":10949,"date":"2020-10-27T08:44:19","date_gmt":"2020-10-27T07:44:19","guid":{"rendered":"https:\/\/portesdesiris.ch\/?p=10949"},"modified":"2025-05-23T10:28:27","modified_gmt":"2025-05-23T08:28:27","slug":"robe-traditionnelle-ou-boheme-smoking-ou-sexy-a-votre-image-ou-pour-plaire-au-futur-marie-ou-a-la-future-mariee","status":"publish","type":"post","link":"https:\/\/portesdesiris.ch\/de\/robe-traditionnelle-ou-boheme-smoking-ou-sexy-a-votre-image-ou-pour-plaire-au-futur-marie-ou-a-la-future-mariee\/","title":{"rendered":"Quelle robe pour votre mariage? Traditionnelle ou boh\u00e8me? Dentelles ou paillettes? A votre image ou pour plaire au futur mari\u00e9 ou \u00e0 la future mari\u00e9e?"},"content":{"rendered":"<p>Qui de vous ne s&#8217;est pas pos\u00e9 ces questions lors des premi\u00e8res r\u00e9flexions \u00e0 propos de sa future robe de mari\u00e9e?<\/p>\n<p>Mais au fait, savez-vous quelle est la signification d&#8217;une robe de mari\u00e9e?<\/p>\n<p>Pendant tr\u00e8s longtemps, les femmes n&#8217;avaient pas de robe sp\u00e9cifique, elles portaient simplement leur plus belle robe lors de leur union, peu importe la couleur. On l&#8217;appelait alors la robe du dimanche. Ce n&#8217;est que seulement \u00e0 partir de la Renaissance que la robe blanche a fait son apparition, symbole de puret\u00e9 et surtout de chastet\u00e9 dans les plus hautes classes de la soci\u00e9t\u00e9 au d\u00e9but seulement. Le blanc repr\u00e9sente aussi la lumi\u00e8re et la perfection. Si vous souhaitez avoir plus d&#8217;informations sur l&#8217;histoire de la robe de mari\u00e9e, <a href=\"https:\/\/www.instantprecieux.fr\/histoire-robe-mariee\">ce site<\/a> est tr\u00e8s bien fait.<\/p>\n<p>Le blanc est surtout choisi en Europe et en Am\u00e9rique. En Asie, le rouge pr\u00e9domine dans le choix des couleurs, le blanc \u00e9tant associ\u00e9 \u00e0 la mort. Dans certains pays, la tradition veut que la mari\u00e9e change m\u00eame plusieurs fois de tenue pendant son mariage&#8230;<\/p>\n<p>Maintenant que la demande a \u00e9t\u00e9 faite, viens le temps du questionnement&#8230; Comment faire le bon choix? A qui s&#8217;adresser?\u00a0Faut-il prendre imp\u00e9rativement sa maman avec lors des essayages\u00a0? Combien de temps avant le jour-j s\u2019y prendre\u00a0? Quel budget pr\u00e9voir\u00a0?<\/p>\n\n\t\t<style type=\"text\/css\">\n\t\t\t#gallery-1 {\n\t\t\t\tmargin: auto;\n\t\t\t}\n\t\t\t#gallery-1 .gallery-item {\n\t\t\t\tfloat: left;\n\t\t\t\tmargin-top: 10px;\n\t\t\t\ttext-align: center;\n\t\t\t\twidth: 100%;\n\t\t\t}\n\t\t\t#gallery-1 img {\n\t\t\t\tborder: 2px solid #cfcfcf;\n\t\t\t}\n\t\t\t#gallery-1 .gallery-caption {\n\t\t\t\tmargin-left: 0;\n\t\t\t}\n\t\t\t\/* see gallery_shortcode() in wp-includes\/media.php *\/\n\t\t<\/style>\n\t\t<div id='gallery-1' class='gallery galleryid-10949 gallery-columns-1 gallery-size-full'><dl class='gallery-item'>\n\t\t\t<dt class='gallery-icon landscape'>\n\t\t\t\t<a href='https:\/\/portesdesiris.ch\/de\/portes-des-iris-mariage-diana\/'><img loading=\"lazy\" decoding=\"async\" width=\"1920\" height=\"1282\" src=\"https:\/\/portesdesiris.ch\/wp-content\/uploads\/2020\/03\/portes-des-iris-mariage-diana-scaled.jpg\" class=\"attachment-full size-full\" alt=\"pr\u00e9paratifs de mariage aux portes des iris\" srcset=\"https:\/\/portesdesiris.ch\/wp-content\/uploads\/2020\/03\/portes-des-iris-mariage-diana-scaled.jpg 1920w, https:\/\/portesdesiris.ch\/wp-content\/uploads\/2020\/03\/portes-des-iris-mariage-diana-300x200.jpg 300w, https:\/\/portesdesiris.ch\/wp-content\/uploads\/2020\/03\/portes-des-iris-mariage-diana-1024x684.jpg 1024w, https:\/\/portesdesiris.ch\/wp-content\/uploads\/2020\/03\/portes-des-iris-mariage-diana-768x513.jpg 768w, https:\/\/portesdesiris.ch\/wp-content\/uploads\/2020\/03\/portes-des-iris-mariage-diana-1536x1025.jpg 1536w, https:\/\/portesdesiris.ch\/wp-content\/uploads\/2020\/03\/portes-des-iris-mariage-diana-2048x1367.jpg 2048w\" sizes=\"auto, (max-width: 1920px) 100vw, 1920px\" \/><\/a>\n\t\t\t<\/dt><\/dl><br style=\"clear: both\" \/><dl class='gallery-item'>\n\t\t\t<dt class='gallery-icon landscape'>\n\t\t\t\t<a href='https:\/\/portesdesiris.ch\/de\/js-29-06-19-duofilms099-2\/'><img loading=\"lazy\" decoding=\"async\" width=\"1900\" height=\"1267\" src=\"https:\/\/portesdesiris.ch\/wp-content\/uploads\/2020\/01\/JS-29.06.19-Duofilms099.jpg\" class=\"attachment-full size-full\" alt=\"\" aria-describedby=\"gallery-1-8384\" srcset=\"https:\/\/portesdesiris.ch\/wp-content\/uploads\/2020\/01\/JS-29.06.19-Duofilms099.jpg 1900w, https:\/\/portesdesiris.ch\/wp-content\/uploads\/2020\/01\/JS-29.06.19-Duofilms099-300x200.jpg 300w, https:\/\/portesdesiris.ch\/wp-content\/uploads\/2020\/01\/JS-29.06.19-Duofilms099-1024x683.jpg 1024w, https:\/\/portesdesiris.ch\/wp-content\/uploads\/2020\/01\/JS-29.06.19-Duofilms099-768x512.jpg 768w, https:\/\/portesdesiris.ch\/wp-content\/uploads\/2020\/01\/JS-29.06.19-Duofilms099-1536x1024.jpg 1536w\" sizes=\"auto, (max-width: 1900px) 100vw, 1900px\" \/><\/a>\n\t\t\t<\/dt>\n\t\t\t\t<dd class='wp-caption-text gallery-caption' id='gallery-1-8384'>\n\t\t\t\tpic by Duofilms\n\t\t\t\t<\/dd><\/dl><br style=\"clear: both\" \/><dl class='gallery-item'>\n\t\t\t<dt class='gallery-icon landscape'>\n\t\t\t\t<a href='https:\/\/portesdesiris.ch\/de\/portes-des-iris-11dj-musique-danse-2\/'><img loading=\"lazy\" decoding=\"async\" width=\"1000\" height=\"625\" src=\"https:\/\/portesdesiris.ch\/wp-content\/uploads\/2020\/04\/portes-des-iris-11DJ-musique-danse.jpg\" class=\"attachment-full size-full\" alt=\"Premi\u00e8re danse des mari\u00e9s, noir et blanc, pieds nus\" aria-describedby=\"gallery-1-10220\" srcset=\"https:\/\/portesdesiris.ch\/wp-content\/uploads\/2020\/04\/portes-des-iris-11DJ-musique-danse.jpg 1000w, https:\/\/portesdesiris.ch\/wp-content\/uploads\/2020\/04\/portes-des-iris-11DJ-musique-danse-300x188.jpg 300w, https:\/\/portesdesiris.ch\/wp-content\/uploads\/2020\/04\/portes-des-iris-11DJ-musique-danse-768x480.jpg 768w\" sizes=\"auto, (max-width: 1000px) 100vw, 1000px\" \/><\/a>\n\t\t\t<\/dt>\n\t\t\t\t<dd class='wp-caption-text gallery-caption' id='gallery-1-10220'>\n\t\t\t\tpic by Romanphoto\n\t\t\t\t<\/dd><\/dl><br style=\"clear: both\" \/>\n\t\t<\/div>\n\n<p>&nbsp;<\/p>\n<p>Nous allons essayer de r\u00e9pondre \u00e0 certaines de vos questions en faisant parler 2 de nos boutiques f\u00e9tiches. Laissez-nous vous les pr\u00e9senter !<\/p>\n<p>&nbsp;<\/p>\n<p style=\"text-align: center;\">________________________________________________________________________________________________<\/p>\n<p style=\"text-align: center;\">1. Laissez-nous vous parler de la boutique <em><a href=\"https:\/\/www.belle-en-blanc.com\/fr\/accueil\/\"><strong>Belle en Blanc <\/strong><\/a>\u00e0 Lausanne<\/em><\/p>\n<p>&nbsp;<\/p>\n<p><strong>COMMENT DECRIRIEZ-VOUS VOTRE BOUTIQUE\u00a0?<\/strong><\/p>\n<p><i>C&#8217;est une boutique r\u00e9put\u00e9e, qui est sur le march\u00e9 depuis 15 ans. Les futures mari\u00e9es peuvent venir accompagn\u00e9es de leurs proches, puisque nous avons un coin salon pour les accueillir, afin que tous se sentent le mieux possible au moment des essayages. Nous proposons des robes et des services de qualit\u00e9. Les robes sont faites par des cr\u00e9ateurs qui ont beaucoup de savoir-faire, qui sont choisis avec soin, de divers pays (Isra\u00ebl, Angleterre, Australie, Pologne et USA notamment). Nos mari\u00e9es sont cosy-chic, elles se sentent \u00e0 l&#8217;aise et heureuses en les portant!<\/i><\/p>\n\n\t\t<style type=\"text\/css\">\n\t\t\t#gallery-2 {\n\t\t\t\tmargin: auto;\n\t\t\t}\n\t\t\t#gallery-2 .gallery-item {\n\t\t\t\tfloat: left;\n\t\t\t\tmargin-top: 10px;\n\t\t\t\ttext-align: center;\n\t\t\t\twidth: 50%;\n\t\t\t}\n\t\t\t#gallery-2 img {\n\t\t\t\tborder: 2px solid #cfcfcf;\n\t\t\t}\n\t\t\t#gallery-2 .gallery-caption {\n\t\t\t\tmargin-left: 0;\n\t\t\t}\n\t\t\t\/* see gallery_shortcode() in wp-includes\/media.php *\/\n\t\t<\/style>\n\t\t<div id='gallery-2' class='gallery galleryid-10949 gallery-columns-2 gallery-size-full'><dl class='gallery-item'>\n\t\t\t<dt class='gallery-icon landscape'>\n\t\t\t\t<a href='https:\/\/portesdesiris.ch\/de\/portes-des-iris-robes-de-mariee-belle-en-blanc-1-2-2\/'><img loading=\"lazy\" decoding=\"async\" width=\"1000\" height=\"667\" src=\"https:\/\/portesdesiris.ch\/wp-content\/uploads\/2020\/10\/portes-des-iris-robes-de-mariee-belle-en-blanc-1.jpg\" class=\"attachment-full size-full\" alt=\"Boutique Belle en Blanc 2\" srcset=\"https:\/\/portesdesiris.ch\/wp-content\/uploads\/2020\/10\/portes-des-iris-robes-de-mariee-belle-en-blanc-1.jpg 1000w, https:\/\/portesdesiris.ch\/wp-content\/uploads\/2020\/10\/portes-des-iris-robes-de-mariee-belle-en-blanc-1-300x200.jpg 300w, https:\/\/portesdesiris.ch\/wp-content\/uploads\/2020\/10\/portes-des-iris-robes-de-mariee-belle-en-blanc-1-768x512.jpg 768w\" sizes=\"auto, (max-width: 1000px) 100vw, 1000px\" \/><\/a>\n\t\t\t<\/dt><\/dl><dl class='gallery-item'>\n\t\t\t<dt class='gallery-icon landscape'>\n\t\t\t\t<a href='https:\/\/portesdesiris.ch\/de\/portes-des-iris-robes-de-mariee-belle-en-blanc-2-2-2\/'><img loading=\"lazy\" decoding=\"async\" width=\"1000\" height=\"666\" src=\"https:\/\/portesdesiris.ch\/wp-content\/uploads\/2020\/10\/portes-des-iris-robes-de-mariee-belle-en-blanc-2.jpg\" class=\"attachment-full size-full\" alt=\"Boutique Belle en Blanc 1\" srcset=\"https:\/\/portesdesiris.ch\/wp-content\/uploads\/2020\/10\/portes-des-iris-robes-de-mariee-belle-en-blanc-2.jpg 1000w, https:\/\/portesdesiris.ch\/wp-content\/uploads\/2020\/10\/portes-des-iris-robes-de-mariee-belle-en-blanc-2-300x200.jpg 300w, https:\/\/portesdesiris.ch\/wp-content\/uploads\/2020\/10\/portes-des-iris-robes-de-mariee-belle-en-blanc-2-768x511.jpg 768w\" sizes=\"auto, (max-width: 1000px) 100vw, 1000px\" \/><\/a>\n\t\t\t<\/dt><\/dl><br style=\"clear: both\" \/>\n\t\t<\/div>\n\n<p><strong>QUELS SONT VOS ATOUTS\u00a0? QU\u2019EST-CE QUI VOUS CARACTERISE\u00a0?<\/strong><\/p>\n<div><i>La qualit\u00e9 avant tout! Nos robes sont tr\u00e8s bien coup\u00e9es, avec beaucoup de pr\u00e9cision. Les mati\u00e8res sont nobles, les robes sont ajust\u00e9es \u00e0 la boutique et tombent parfaitement bien sur les mari\u00e9es. Nous avons un grand choix et vous pouvez personnaliser votre future robe \u00e0 votre convenance: elle sera unique et sera VOTRE robe (cette ann\u00e9e, nous avons d\u00e9j\u00e0 30 robes en pr\u00e9paration!). La boutique a son propre atelier sur place, ce qui permet des d\u00e9lais de livraison beaucoup plus courts. Un exemple: il a fallu refaire compl\u00e8tement une robe pour une mari\u00e9e enceinte il y a peu, et ceci n&#8217;a pris que 3 semaines: un challenge!<\/i><\/div>\n<div><\/div>\n<div>\n\n\t\t<style type=\"text\/css\">\n\t\t\t#gallery-3 {\n\t\t\t\tmargin: auto;\n\t\t\t}\n\t\t\t#gallery-3 .gallery-item {\n\t\t\t\tfloat: left;\n\t\t\t\tmargin-top: 10px;\n\t\t\t\ttext-align: center;\n\t\t\t\twidth: 50%;\n\t\t\t}\n\t\t\t#gallery-3 img {\n\t\t\t\tborder: 2px solid #cfcfcf;\n\t\t\t}\n\t\t\t#gallery-3 .gallery-caption {\n\t\t\t\tmargin-left: 0;\n\t\t\t}\n\t\t\t\/* see gallery_shortcode() in wp-includes\/media.php *\/\n\t\t<\/style>\n\t\t<div id='gallery-3' class='gallery galleryid-10949 gallery-columns-2 gallery-size-large'><dl class='gallery-item'>\n\t\t\t<dt class='gallery-icon portrait'>\n\t\t\t\t<a href='https:\/\/portesdesiris.ch\/de\/portes-des-iris-robes-de-mariee-belle-en-blanc-6-2\/'><img loading=\"lazy\" decoding=\"async\" width=\"683\" height=\"1024\" src=\"https:\/\/portesdesiris.ch\/wp-content\/uploads\/2020\/10\/portes-des-iris-robes-de-mariee-belle-en-blanc-6-683x1024.jpg\" class=\"attachment-large size-large\" alt=\"robe de mari\u00e9e 2 - Belle en blanc\" aria-describedby=\"gallery-3-11333\" srcset=\"https:\/\/portesdesiris.ch\/wp-content\/uploads\/2020\/10\/portes-des-iris-robes-de-mariee-belle-en-blanc-6-683x1024.jpg 683w, https:\/\/portesdesiris.ch\/wp-content\/uploads\/2020\/10\/portes-des-iris-robes-de-mariee-belle-en-blanc-6-200x300.jpg 200w, https:\/\/portesdesiris.ch\/wp-content\/uploads\/2020\/10\/portes-des-iris-robes-de-mariee-belle-en-blanc-6-768x1152.jpg 768w, https:\/\/portesdesiris.ch\/wp-content\/uploads\/2020\/10\/portes-des-iris-robes-de-mariee-belle-en-blanc-6-1024x1536.jpg 1024w, https:\/\/portesdesiris.ch\/wp-content\/uploads\/2020\/10\/portes-des-iris-robes-de-mariee-belle-en-blanc-6.jpg 1280w\" sizes=\"auto, (max-width: 683px) 100vw, 683px\" \/><\/a>\n\t\t\t<\/dt>\n\t\t\t\t<dd class='wp-caption-text gallery-caption' id='gallery-3-11333'>\n\t\t\t\tpic by Aria Snaps\n\t\t\t\t<\/dd><\/dl><dl class='gallery-item'>\n\t\t\t<dt class='gallery-icon portrait'>\n\t\t\t\t<a href='https:\/\/portesdesiris.ch\/de\/portes-des-iris-robes-de-mariee-belle-en-blanc-7-2\/'><img loading=\"lazy\" decoding=\"async\" width=\"683\" height=\"1024\" src=\"https:\/\/portesdesiris.ch\/wp-content\/uploads\/2020\/10\/portes-des-iris-robes-de-mariee-belle-en-blanc-7-683x1024.jpg\" class=\"attachment-large size-large\" alt=\"robe de mari\u00e9e 1 - Belle en blanc\" aria-describedby=\"gallery-3-11336\" srcset=\"https:\/\/portesdesiris.ch\/wp-content\/uploads\/2020\/10\/portes-des-iris-robes-de-mariee-belle-en-blanc-7-683x1024.jpg 683w, https:\/\/portesdesiris.ch\/wp-content\/uploads\/2020\/10\/portes-des-iris-robes-de-mariee-belle-en-blanc-7-200x300.jpg 200w, https:\/\/portesdesiris.ch\/wp-content\/uploads\/2020\/10\/portes-des-iris-robes-de-mariee-belle-en-blanc-7-768x1152.jpg 768w, https:\/\/portesdesiris.ch\/wp-content\/uploads\/2020\/10\/portes-des-iris-robes-de-mariee-belle-en-blanc-7-1024x1536.jpg 1024w, https:\/\/portesdesiris.ch\/wp-content\/uploads\/2020\/10\/portes-des-iris-robes-de-mariee-belle-en-blanc-7.jpg 1280w\" sizes=\"auto, (max-width: 683px) 100vw, 683px\" \/><\/a>\n\t\t\t<\/dt>\n\t\t\t\t<dd class='wp-caption-text gallery-caption' id='gallery-3-11336'>\n\t\t\t\tpic by Aria Snaps\n\t\t\t\t<\/dd><\/dl><br style=\"clear: both\" \/>\n\t\t<\/div>\n\n<\/div>\n<p><strong>OU PEUT-ON VOUS TROUVER\u00a0? QUELS SONT VOS HORAIRES\u00a0?<\/strong><\/p>\n<div><em>Nous sommes situ\u00e9s \u00e0 Lausanne, \u00e0 l&#8217;avenue du L\u00e9man 34 et il y a places de parking disponibles en face de la boutique.<\/em><\/div>\n<div><\/div>\n<div><em>La boutique est ouverte du mardi au samedi de 10h00 \u00e0 18h00 (en semaine) et 17h00 (le samedi).<\/em><\/div>\n<div><\/div>\n<p><strong>PARTICIPEZ-VOUS A DES SALONS\u00a0? SI OUI LESQUELS\u00a0?<\/strong><\/p>\n<div><em>Au d\u00e9but de notre activit\u00e9, nous avons particip\u00e9 aux salons de Lausanne et de\u00a0<\/em><i>Gen\u00e8ve, mais\u00a0maintenant nous privil\u00e9gions plut\u00f4t l&#8217;accueil personnalis\u00e9 de nos clientes directement \u00e0 la boutique.<\/i><\/div>\n<p>&nbsp;<\/p>\n<p><strong>QUAND COMMENCER A CHERCHER SA ROBE\u00a0?<\/strong><\/p>\n<p><i>Normalement, nous conseillons de commander votre\u00a0robe\u00a08 mois avant votre date de mariage. Les cr\u00e9ateurs prennent environ 6 mois pour fabriquer et livrer les robes en boutique. Il faut\u00a0ensuite pr\u00e9voir 6 \u00e0 8 semaines pour ajuster la robe parfaitement \u00e0 la silhouette.\u00a0<\/i><\/p>\n<p>Dans notre atelier, nous pouvons cr\u00e9er par contre des robes sur mesure avec des d\u00e9lais plus courts. 2-3 mois minimum, d\u00e9pendant de la saison choisie&#8230; mariez-vous en hiver ;-)&#8230; et du travail d\u00e9j\u00e0 en cours.<\/p>\n<p>Il est important de prendre votre temps! Le plus t\u00f4t sera le mieux! Ces moments du choix de la robe sont tr\u00e8s importants et apportent beaucoup d&#8217;\u00e9motion aux futures mari\u00e9es et aux personnes qui l&#8217;accompagnent.<\/p>\n<p><strong>A QUOI FAUT-IL FAIRE ATTENTION\u00a0?<\/strong><\/p>\n<p><em>Rep\u00e9rer d&#8217;abord quelques images sur Internet, afin de vous inspirer, mais soyez conscientes que ces photos sont souvent retouch\u00e9es, que des mannequins les portent et que toute une \u00e9quipe de tournage est occup\u00e9e pendant de nombreuses semaines \u00e0 la r\u00e9alisation de ces photoshoots. <\/em><\/p>\n<p><i>Venez aux essayages avec l&#8217;esprit ouvert et laissez-vous guider par les conseils des professionnels. Choisissez la robe qui vous correspond, qui vous fait\u00a0sentir le plus vous!<\/i><\/p>\n\n\t\t<style type=\"text\/css\">\n\t\t\t#gallery-4 {\n\t\t\t\tmargin: auto;\n\t\t\t}\n\t\t\t#gallery-4 .gallery-item {\n\t\t\t\tfloat: left;\n\t\t\t\tmargin-top: 10px;\n\t\t\t\ttext-align: center;\n\t\t\t\twidth: 50%;\n\t\t\t}\n\t\t\t#gallery-4 img {\n\t\t\t\tborder: 2px solid #cfcfcf;\n\t\t\t}\n\t\t\t#gallery-4 .gallery-caption {\n\t\t\t\tmargin-left: 0;\n\t\t\t}\n\t\t\t\/* see gallery_shortcode() in wp-includes\/media.php *\/\n\t\t<\/style>\n\t\t<div id='gallery-4' class='gallery galleryid-10949 gallery-columns-2 gallery-size-full'><dl class='gallery-item'>\n\t\t\t<dt class='gallery-icon landscape'>\n\t\t\t\t<a href='https:\/\/portesdesiris.ch\/de\/portes-des-iris-robes-de-mariee-belle-en-blanc-1-2\/'><img loading=\"lazy\" decoding=\"async\" width=\"640\" height=\"427\" src=\"https:\/\/portesdesiris.ch\/wp-content\/uploads\/2020\/10\/portes-des-iris-robes-de-mariee-belle-en-blanc-1.jpeg\" class=\"attachment-full size-full\" alt=\"robe de mari\u00e9e 7 - Belle en blanc\" aria-describedby=\"gallery-4-11318\" srcset=\"https:\/\/portesdesiris.ch\/wp-content\/uploads\/2020\/10\/portes-des-iris-robes-de-mariee-belle-en-blanc-1.jpeg 640w, https:\/\/portesdesiris.ch\/wp-content\/uploads\/2020\/10\/portes-des-iris-robes-de-mariee-belle-en-blanc-1-300x200.jpeg 300w\" sizes=\"auto, (max-width: 640px) 100vw, 640px\" \/><\/a>\n\t\t\t<\/dt>\n\t\t\t\t<dd class='wp-caption-text gallery-caption' id='gallery-4-11318'>\n\t\t\t\tpic by Christelle Naville\n\t\t\t\t<\/dd><\/dl><dl class='gallery-item'>\n\t\t\t<dt class='gallery-icon landscape'>\n\t\t\t\t<a href='https:\/\/portesdesiris.ch\/de\/portes-des-iris-robes-de-mariee-belle-en-blanc-2-2\/'><img loading=\"lazy\" decoding=\"async\" width=\"640\" height=\"427\" src=\"https:\/\/portesdesiris.ch\/wp-content\/uploads\/2020\/10\/portes-des-iris-robes-de-mariee-belle-en-blanc-2.jpeg\" class=\"attachment-full size-full\" alt=\"robe de mari\u00e9e 6 - Belle en blanc\" aria-describedby=\"gallery-4-11321\" srcset=\"https:\/\/portesdesiris.ch\/wp-content\/uploads\/2020\/10\/portes-des-iris-robes-de-mariee-belle-en-blanc-2.jpeg 640w, https:\/\/portesdesiris.ch\/wp-content\/uploads\/2020\/10\/portes-des-iris-robes-de-mariee-belle-en-blanc-2-300x200.jpeg 300w\" sizes=\"auto, (max-width: 640px) 100vw, 640px\" \/><\/a>\n\t\t\t<\/dt>\n\t\t\t\t<dd class='wp-caption-text gallery-caption' id='gallery-4-11321'>\n\t\t\t\tpic by Christelle Naville\n\t\t\t\t<\/dd><\/dl><br style=\"clear: both\" \/>\n\t\t<\/div>\n\n<div id=\"attachment_11322\" style=\"width: 437px\" class=\"wp-caption aligncenter\"><img loading=\"lazy\" decoding=\"async\" aria-describedby=\"caption-attachment-11322\" class=\"wp-image-11322 size-full\" src=\"https:\/\/portesdesiris.ch\/wp-content\/uploads\/2020\/10\/portes-des-iris-robes-de-mariee-belle-en-blanc-3.jpeg\" alt=\"robe de mari\u00e9e 5 - Belle en blanc\" width=\"427\" height=\"640\" srcset=\"https:\/\/portesdesiris.ch\/wp-content\/uploads\/2020\/10\/portes-des-iris-robes-de-mariee-belle-en-blanc-3.jpeg 427w, https:\/\/portesdesiris.ch\/wp-content\/uploads\/2020\/10\/portes-des-iris-robes-de-mariee-belle-en-blanc-3-200x300.jpeg 200w\" sizes=\"auto, (max-width: 427px) 100vw, 427px\" \/><p id=\"caption-attachment-11322\" class=\"wp-caption-text\">Pic by Christelle Naville Photographie<\/p><\/div>\n<p><strong>MORPHOLOGIE\u00a0? PERSONNALITE\u00a0? SAISON ET METEO\u00a0?<\/strong><\/p>\n<div><i>C&#8217;est notre r\u00f4le \u00e0 la boutique de vous conseiller, nous sommes form\u00e9es pour \u00e7a et nous avons l&#8217;oeil! Peu importe votre silhouette, nous saurons adapter votre robe \u00e0 votre personnalit\u00e9. Avec quelques indications de d\u00e9part (sir\u00e8ne ou pas sir\u00e8ne, fluide ou pas fluide,&#8230;), nous vous guiderons dans le choix de votre robe. Notre observation et nos conversations nous\u00a0aideront \u00e0 ce que la magie s&#8217;op\u00e8re!<\/i><\/div>\n<div><\/div>\n<div><em>Ce n&#8217;est pas la plus belle robe qui nous rendra la plus belle, c&#8217;est celle qui vous correspond!<\/em><\/div>\n<div><\/div>\n<div><em>Concernant la saison et la m\u00e9t\u00e9o, ce n&#8217;est pas difficile d&#8217;ajouter des pi\u00e8ces suppl\u00e9mentaires: on peut tout \u00e0 fait par exemple porter une robe bustier, tout en pr\u00e9voyant un joli bol\u00e9ro au cas o\u00f9&#8230; Nous voyons \u00e9galement de plus en plus des m\u00e9langes avec une veste en jeans ou un m\u00eame un perfecto!\u00a0<\/em><\/div>\n<div><\/div>\n\n\t\t<style type=\"text\/css\">\n\t\t\t#gallery-5 {\n\t\t\t\tmargin: auto;\n\t\t\t}\n\t\t\t#gallery-5 .gallery-item {\n\t\t\t\tfloat: left;\n\t\t\t\tmargin-top: 10px;\n\t\t\t\ttext-align: center;\n\t\t\t\twidth: 50%;\n\t\t\t}\n\t\t\t#gallery-5 img {\n\t\t\t\tborder: 2px solid #cfcfcf;\n\t\t\t}\n\t\t\t#gallery-5 .gallery-caption {\n\t\t\t\tmargin-left: 0;\n\t\t\t}\n\t\t\t\/* see gallery_shortcode() in wp-includes\/media.php *\/\n\t\t<\/style>\n\t\t<div id='gallery-5' class='gallery galleryid-10949 gallery-columns-2 gallery-size-large'><dl class='gallery-item'>\n\t\t\t<dt class='gallery-icon portrait'>\n\t\t\t\t<a href='https:\/\/portesdesiris.ch\/de\/portes-des-iris-robes-de-mariees-belle-en-blanc-2-2-2\/'><img loading=\"lazy\" decoding=\"async\" width=\"768\" height=\"1024\" src=\"https:\/\/portesdesiris.ch\/wp-content\/uploads\/2020\/10\/portes-des-iris-robes-de-mariees-belle-en-blanc-2-768x1024.jpg\" class=\"attachment-large size-large\" alt=\"Mari\u00e9e perfecto 1 - Belle en Blanc\" srcset=\"https:\/\/portesdesiris.ch\/wp-content\/uploads\/2020\/10\/portes-des-iris-robes-de-mariees-belle-en-blanc-2-768x1024.jpg 768w, https:\/\/portesdesiris.ch\/wp-content\/uploads\/2020\/10\/portes-des-iris-robes-de-mariees-belle-en-blanc-2-225x300.jpg 225w, https:\/\/portesdesiris.ch\/wp-content\/uploads\/2020\/10\/portes-des-iris-robes-de-mariees-belle-en-blanc-2.jpg 1000w\" sizes=\"auto, (max-width: 768px) 100vw, 768px\" \/><\/a>\n\t\t\t<\/dt><\/dl><dl class='gallery-item'>\n\t\t\t<dt class='gallery-icon portrait'>\n\t\t\t\t<a href='https:\/\/portesdesiris.ch\/de\/portes-des-iris-robes-de-mariees-belle-en-blanc-3-2\/'><img loading=\"lazy\" decoding=\"async\" width=\"768\" height=\"1024\" src=\"https:\/\/portesdesiris.ch\/wp-content\/uploads\/2020\/10\/portes-des-iris-robes-de-mariees-belle-en-blanc-3-768x1024.jpg\" class=\"attachment-large size-large\" alt=\"Mari\u00e9e perfecto 2 - Belle en Blanc\" srcset=\"https:\/\/portesdesiris.ch\/wp-content\/uploads\/2020\/10\/portes-des-iris-robes-de-mariees-belle-en-blanc-3-768x1024.jpg 768w, https:\/\/portesdesiris.ch\/wp-content\/uploads\/2020\/10\/portes-des-iris-robes-de-mariees-belle-en-blanc-3-225x300.jpg 225w, https:\/\/portesdesiris.ch\/wp-content\/uploads\/2020\/10\/portes-des-iris-robes-de-mariees-belle-en-blanc-3.jpg 1000w\" sizes=\"auto, (max-width: 768px) 100vw, 768px\" \/><\/a>\n\t\t\t<\/dt><\/dl><br style=\"clear: both\" \/>\n\t\t<\/div>\n\n<p><strong>QUEL BUDGET PREVOIR\u00a0?<\/strong><\/p>\n<div><em>Pour les gammes de notre boutique, les tarifs vont de CHF 2&#8217;500.- \u00e0 CHF 5&#8217;000.-.\u00a0<\/em><\/div>\n<div><\/div>\n<div><em>Depuis novembre 2020, nous aurons la chance de pouvoir vous proposer des robes de la marque Berta (un peu comme l&#8217;Aston Martin est \u00e0 l&#8217;automobile); l\u00e0, le budget se montera de CHF 6&#8217;000.- \u00e0 CHF 12&#8217;000.- pi\u00e8ce.<\/em><\/div>\n<div><\/div>\n<div><\/div>\n<div><\/div>\n<div>\n\n\t\t<style type=\"text\/css\">\n\t\t\t#gallery-6 {\n\t\t\t\tmargin: auto;\n\t\t\t}\n\t\t\t#gallery-6 .gallery-item {\n\t\t\t\tfloat: left;\n\t\t\t\tmargin-top: 10px;\n\t\t\t\ttext-align: center;\n\t\t\t\twidth: 100%;\n\t\t\t}\n\t\t\t#gallery-6 img {\n\t\t\t\tborder: 2px solid #cfcfcf;\n\t\t\t}\n\t\t\t#gallery-6 .gallery-caption {\n\t\t\t\tmargin-left: 0;\n\t\t\t}\n\t\t\t\/* see gallery_shortcode() in wp-includes\/media.php *\/\n\t\t<\/style>\n\t\t<div id='gallery-6' class='gallery galleryid-10949 gallery-columns-1 gallery-size-large'><dl class='gallery-item'>\n\t\t\t<dt class='gallery-icon portrait'>\n\t\t\t\t<a href='https:\/\/portesdesiris.ch\/de\/portes-des-iris-robes-de-mariee-belle-en-blanc-4-2\/'><img loading=\"lazy\" decoding=\"async\" width=\"683\" height=\"1024\" src=\"https:\/\/portesdesiris.ch\/wp-content\/uploads\/2020\/10\/portes-des-iris-robes-de-mariee-belle-en-blanc-4-683x1024.jpg\" class=\"attachment-large size-large\" alt=\"robe de mari\u00e9e 4 - Belle en blanc\" aria-describedby=\"gallery-6-11327\" srcset=\"https:\/\/portesdesiris.ch\/wp-content\/uploads\/2020\/10\/portes-des-iris-robes-de-mariee-belle-en-blanc-4-683x1024.jpg 683w, https:\/\/portesdesiris.ch\/wp-content\/uploads\/2020\/10\/portes-des-iris-robes-de-mariee-belle-en-blanc-4-200x300.jpg 200w, https:\/\/portesdesiris.ch\/wp-content\/uploads\/2020\/10\/portes-des-iris-robes-de-mariee-belle-en-blanc-4-768x1152.jpg 768w, https:\/\/portesdesiris.ch\/wp-content\/uploads\/2020\/10\/portes-des-iris-robes-de-mariee-belle-en-blanc-4-1024x1536.jpg 1024w, https:\/\/portesdesiris.ch\/wp-content\/uploads\/2020\/10\/portes-des-iris-robes-de-mariee-belle-en-blanc-4.jpg 1280w\" sizes=\"auto, (max-width: 683px) 100vw, 683px\" \/><\/a>\n\t\t\t<\/dt>\n\t\t\t\t<dd class='wp-caption-text gallery-caption' id='gallery-6-11327'>\n\t\t\t\tpic by Aria Snaps\n\t\t\t\t<\/dd><\/dl><br style=\"clear: both\" \/>\n\t\t<\/div>\n\n<\/div>\n<p><strong>FAUT-IL PREVOIR DES ACCESSOIRES\u00a0? VOILE\u00a0? SAC A MAIN\u00a0? BIJOUX\u00a0? BOUQUET DE MARIEE\u00a0?<\/strong><\/p>\n<div><i>Nous guidons nos mari\u00e9es dans\u00a0leurs choix, qu&#8217;ils soient classiques ou rock&amp;roll, nous avons de quoi vous faire plaisir!<\/i><\/div>\n<p><em>Cette ann\u00e9e, les boucles d&#8217;oreilles sont de nouveau tr\u00e8s tendance. En mettre permet de ramener l&#8217;oeil vers le visage (partie la plus importante de chaque femme&#8230;). Actuellement, on en trouve beaucoup en soie, avec des motifs floraux.<\/em><\/p>\n<p><em>Les voiles sont maintenant plut\u00f4t des accessoires, plut\u00f4t que le symbole de la virginit\u00e9. Les femmes choisissent de plus en plus d&#8217;avoir les mains libres, pour leur bouquet (ou leur couronne) de fleurs, plut\u00f4t que d&#8217;avoir un sac \u00e0 main.<\/em><\/p>\n<div id=\"attachment_11328\" style=\"width: 693px\" class=\"wp-caption aligncenter\"><img loading=\"lazy\" decoding=\"async\" aria-describedby=\"caption-attachment-11328\" class=\"wp-image-11328 size-large\" src=\"https:\/\/portesdesiris.ch\/wp-content\/uploads\/2020\/10\/portes-des-iris-robes-de-mariee-belle-en-blanc-5-683x1024.jpg\" alt=\"robe de mari\u00e9e 3 - Belle en blanc\" width=\"683\" height=\"1024\" srcset=\"https:\/\/portesdesiris.ch\/wp-content\/uploads\/2020\/10\/portes-des-iris-robes-de-mariee-belle-en-blanc-5-683x1024.jpg 683w, https:\/\/portesdesiris.ch\/wp-content\/uploads\/2020\/10\/portes-des-iris-robes-de-mariee-belle-en-blanc-5-200x300.jpg 200w, https:\/\/portesdesiris.ch\/wp-content\/uploads\/2020\/10\/portes-des-iris-robes-de-mariee-belle-en-blanc-5-768x1152.jpg 768w, https:\/\/portesdesiris.ch\/wp-content\/uploads\/2020\/10\/portes-des-iris-robes-de-mariee-belle-en-blanc-5-1024x1536.jpg 1024w, https:\/\/portesdesiris.ch\/wp-content\/uploads\/2020\/10\/portes-des-iris-robes-de-mariee-belle-en-blanc-5-scaled.jpg 1280w\" sizes=\"auto, (max-width: 683px) 100vw, 683px\" \/><p id=\"caption-attachment-11328\" class=\"wp-caption-text\">Pic by Aria Snaps<\/p><\/div>\n<p>&nbsp;<\/p>\n<p>Et finalement, la question que tout le monde se pose\u00a0: que faire avec sa robe apr\u00e8s le mariage\u00a0?<\/p>\n<p><i>Chez nous, la moiti\u00e9 de nos clientes ne souhaite pas s&#8217;en s\u00e9parer. Quelques unes pensent qu&#8217;il ne faut m\u00eame pas la faire nettoyer et, dans certains pays, on r\u00e9utilise m\u00eame le\u00a0voile de mari\u00e9e pour confectionner le berceau du premier n\u00e9.<\/i><\/p>\n<p><em>L&#8217;autre moiti\u00e9 des clientes nous ram\u00e8ne leur robe, nous la faisons nettoyer au pressing, puis nous laissons les mari\u00e9es les vendre en ligne (vente priv\u00e9e, groupe Facebook,&#8230;) ou dans des boutiques deuxi\u00e8me main.<\/em><\/p>\n<p>&nbsp;<\/p>\n<p>Merci \u00e0 Olga, que vous pouvez trouver \u00e0 la boutique <strong>Belle en Blanc<\/strong>, Avenue du L\u00e9man 34, \u00e0 Lausanne. Vous serez inspir\u00e9s par d&#8217;autres photos sur son <a href=\"https:\/\/www.belle-en-blanc.com\/fr\/home-2\/\">site web<\/a>.<\/p>\n<p style=\"text-align: center;\">________________________________________________________________________________________________<\/p>\n<p>&nbsp;<\/p>\n<p style=\"text-align: center;\">2. Voici pour la suite la \u00a0boutique <a href=\"https:\/\/boutiqueforever.ch\/\"><em><strong>For Ever <\/strong><\/em><\/a>\u00e0 Echandens<\/p>\n<p>&nbsp;<\/p>\n<p><strong>COMMENT DECRIRIEZ-VOUS VOTRE BOUTIQUE\u00a0?<\/strong><\/p>\n<p><em>Une boutique \u00e0 l&#8217;\u00e9tage, afin d&#8217;assurer votre intimit\u00e9, spacieuse et lumineuse pour accueillir vos accompagnants. Atelier de couture sur place.<\/em><\/p>\n<p><strong>QUELS SONT VOS ATOUTS\u00a0? QU\u2019EST-CE QUI VOUS CARACTERISE\u00a0?<\/strong><\/p>\n<p><em>Sans aucun doute notre accueil irr\u00e9prochable et notre exp\u00e9rience depuis 18 ans. Notre \u00e9quipe est compos\u00e9e de 4 personnes, dont 2 stylistes-couturi\u00e8res passionn\u00e9es et minutieuses pour personnaliser votre robe du grand jour. Nous proposons un\u00a0choix de collections \u00e0 prix tr\u00e8s accessibles et nous habillons \u00e9galement les morphologies g\u00e9n\u00e9reuses ainsi que les femmes enceintes.<\/em><\/p>\n\n\t\t<style type=\"text\/css\">\n\t\t\t#gallery-7 {\n\t\t\t\tmargin: auto;\n\t\t\t}\n\t\t\t#gallery-7 .gallery-item {\n\t\t\t\tfloat: left;\n\t\t\t\tmargin-top: 10px;\n\t\t\t\ttext-align: center;\n\t\t\t\twidth: 33%;\n\t\t\t}\n\t\t\t#gallery-7 img {\n\t\t\t\tborder: 2px solid #cfcfcf;\n\t\t\t}\n\t\t\t#gallery-7 .gallery-caption {\n\t\t\t\tmargin-left: 0;\n\t\t\t}\n\t\t\t\/* see gallery_shortcode() in wp-includes\/media.php *\/\n\t\t<\/style>\n\t\t<div id='gallery-7' class='gallery galleryid-10949 gallery-columns-3 gallery-size-full'><dl class='gallery-item'>\n\t\t\t<dt class='gallery-icon landscape'>\n\t\t\t\t<a href='https:\/\/portesdesiris.ch\/de\/portes-des-iris-robes-de-mariee-for-ever-1-2\/'><img loading=\"lazy\" decoding=\"async\" width=\"1000\" height=\"667\" src=\"https:\/\/portesdesiris.ch\/wp-content\/uploads\/2020\/09\/portes-des-iris-robes-de-mariee-for-ever-1.jpeg\" class=\"attachment-full size-full\" alt=\"robe de mari\u00e9e 2 boutique For Ever\" srcset=\"https:\/\/portesdesiris.ch\/wp-content\/uploads\/2020\/09\/portes-des-iris-robes-de-mariee-for-ever-1.jpeg 1000w, https:\/\/portesdesiris.ch\/wp-content\/uploads\/2020\/09\/portes-des-iris-robes-de-mariee-for-ever-1-300x200.jpeg 300w, https:\/\/portesdesiris.ch\/wp-content\/uploads\/2020\/09\/portes-des-iris-robes-de-mariee-for-ever-1-768x512.jpeg 768w\" sizes=\"auto, (max-width: 1000px) 100vw, 1000px\" \/><\/a>\n\t\t\t<\/dt><\/dl><dl class='gallery-item'>\n\t\t\t<dt class='gallery-icon portrait'>\n\t\t\t\t<a href='https:\/\/portesdesiris.ch\/de\/portes-des-iris-robes-de-mariee-for-ever-2-2\/'><img loading=\"lazy\" decoding=\"async\" width=\"427\" height=\"640\" src=\"https:\/\/portesdesiris.ch\/wp-content\/uploads\/2020\/09\/portes-des-iris-robes-de-mariee-for-ever-2.jpeg\" class=\"attachment-full size-full\" alt=\"robe de mari\u00e9e 1 boutique For Ever\" srcset=\"https:\/\/portesdesiris.ch\/wp-content\/uploads\/2020\/09\/portes-des-iris-robes-de-mariee-for-ever-2.jpeg 427w, https:\/\/portesdesiris.ch\/wp-content\/uploads\/2020\/09\/portes-des-iris-robes-de-mariee-for-ever-2-200x300.jpeg 200w\" sizes=\"auto, (max-width: 427px) 100vw, 427px\" \/><\/a>\n\t\t\t<\/dt><\/dl><dl class='gallery-item'>\n\t\t\t<dt class='gallery-icon landscape'>\n\t\t\t\t<a href='https:\/\/portesdesiris.ch\/de\/portes-des-iris-robes-de-mariee-for-ever-6-2\/'><img loading=\"lazy\" decoding=\"async\" width=\"634\" height=\"480\" src=\"https:\/\/portesdesiris.ch\/wp-content\/uploads\/2020\/09\/portes-des-iris-robes-de-mariee-for-ever-6.jpeg\" class=\"attachment-full size-full\" alt=\"robe de mari\u00e9e 6 boutique For Ever\" srcset=\"https:\/\/portesdesiris.ch\/wp-content\/uploads\/2020\/09\/portes-des-iris-robes-de-mariee-for-ever-6.jpeg 634w, https:\/\/portesdesiris.ch\/wp-content\/uploads\/2020\/09\/portes-des-iris-robes-de-mariee-for-ever-6-300x227.jpeg 300w\" sizes=\"auto, (max-width: 634px) 100vw, 634px\" \/><\/a>\n\t\t\t<\/dt><\/dl><br style=\"clear: both\" \/>\n\t\t<\/div>\n\n<p><strong>OU PEUT-ON VOUS TROUVER\u00a0? QUELS SONT VOS HORAIRES\u00a0?<\/strong><\/p>\n<p><em>Depuis 2016, nous sommes situ\u00e9s \u00e0 la route des Toches 3 \u00e0 Echandens.<\/em><\/p>\n<p><em>Nous sommes ouverts du lundi au vendredi, de 09h00 \u00e0 12h00 et de 14h00 \u00e0 18h00. Le samedi de 09h00 \u00e0 14h00. Les essayages sont uniquement sur rendez-vous.<\/em><\/p>\n<p><strong>PARTICIPEZ-VOUS A DES SALONS\u00a0? SI OUI LESQUELS\u00a0?<\/strong><\/p>\n<p><i>Oui 1 ann\u00e9e sur 2, nous participons au Salon du Mariage de Lausanne et de Gen\u00e8ve. Nous avons \u00e9galement particip\u00e9 au Salon Dites\u00a0vous\u00a0Oui aux Portes des\u00a0Iris.<\/i><\/p>\n<p><strong>QUAND COMMENCER A CHERCHER SA ROBE\u00a0?<\/strong><\/p>\n<p><em>Environ 9 mois avant le mariage, notre d\u00e9lai de commande \u00e9tant d&#8217;environ 4 mois. Il est id\u00e9al d&#8217;avoir la robe en tout cas 2 mois avant le mariage.<\/em><\/p>\n<p><strong>A QUOI FAUT-IL FAIRE ATTENTION\u00a0?<\/strong><\/p>\n<p><em>A bien transmettre un \u00e9chantillon de couleur au futur mari afin qu&#8217;il \u00e9vite de choisir une chemise en vrai blanc alors que toutes les robes se vendent en ivoire\u2026<\/em><\/p>\n<p><strong>MORPHOLOGIE\u00a0? PERSONNALITE\u00a0? SAISON ET METEO\u00a0?<\/strong><\/p>\n<p><em>La robe doit faire ressortir votre personnalit\u00e9 et votre caract\u00e8re sans vous d\u00e9guiser\u2026 Nous habillons toutes les morphologies, nous avons beaucoup de collections de tous les styles. Pour les mariages en hiver, nous proposons des \u00e9toles chaudes, et pour l&#8217;\u00e9t\u00e9 nous favorisons les mod\u00e8les de robes sans manches et l\u00e9g\u00e8res.<\/em><\/p>\n\n\t\t<style type=\"text\/css\">\n\t\t\t#gallery-8 {\n\t\t\t\tmargin: auto;\n\t\t\t}\n\t\t\t#gallery-8 .gallery-item {\n\t\t\t\tfloat: left;\n\t\t\t\tmargin-top: 10px;\n\t\t\t\ttext-align: center;\n\t\t\t\twidth: 100%;\n\t\t\t}\n\t\t\t#gallery-8 img {\n\t\t\t\tborder: 2px solid #cfcfcf;\n\t\t\t}\n\t\t\t#gallery-8 .gallery-caption {\n\t\t\t\tmargin-left: 0;\n\t\t\t}\n\t\t\t\/* see gallery_shortcode() in wp-includes\/media.php *\/\n\t\t<\/style>\n\t\t<div id='gallery-8' class='gallery galleryid-10949 gallery-columns-1 gallery-size-full'><dl class='gallery-item'>\n\t\t\t<dt class='gallery-icon portrait'>\n\t\t\t\t<a href='https:\/\/portesdesiris.ch\/de\/portes-des-iris-robes-de-mariee-for-ever-4-2\/'><img loading=\"lazy\" decoding=\"async\" width=\"427\" height=\"640\" src=\"https:\/\/portesdesiris.ch\/wp-content\/uploads\/2020\/09\/portes-des-iris-robes-de-mariee-for-ever-4.jpeg\" class=\"attachment-full size-full\" alt=\"robe de mari\u00e9e 4 boutique For Ever\" srcset=\"https:\/\/portesdesiris.ch\/wp-content\/uploads\/2020\/09\/portes-des-iris-robes-de-mariee-for-ever-4.jpeg 427w, https:\/\/portesdesiris.ch\/wp-content\/uploads\/2020\/09\/portes-des-iris-robes-de-mariee-for-ever-4-200x300.jpeg 200w\" sizes=\"auto, (max-width: 427px) 100vw, 427px\" \/><\/a>\n\t\t\t<\/dt><\/dl><br style=\"clear: both\" \/>\n\t\t<\/div>\n\n<p><strong><img loading=\"lazy\" decoding=\"async\" class=\"aligncenter wp-image-11203 \" src=\"https:\/\/portesdesiris.ch\/wp-content\/uploads\/2020\/09\/portes-des-iris-robes-de-mariee-for-ever-3.jpeg\" alt=\"robe de mari\u00e9e 3 boutique For Ever\" width=\"426\" height=\"603\" srcset=\"https:\/\/portesdesiris.ch\/wp-content\/uploads\/2020\/09\/portes-des-iris-robes-de-mariee-for-ever-3.jpeg 452w, https:\/\/portesdesiris.ch\/wp-content\/uploads\/2020\/09\/portes-des-iris-robes-de-mariee-for-ever-3-212x300.jpeg 212w\" sizes=\"auto, (max-width: 426px) 100vw, 426px\" \/><\/strong><\/p>\n<p><strong>QUEL BUDGET PREVOIR\u00a0?<\/strong><\/p>\n<p><em>La plupart de nos collections se trouvent entre CHF 1&#8217;000 et CHF 3&#8217;000.-; c&#8217;est un budget auquel il faut rajouter le prix des retouches qui varie fortement d&#8217;une cliente \u00e0 l&#8217;autre et selon les mod\u00e8les.<\/em><\/p>\n<p>&nbsp;<\/p>\n<p><img loading=\"lazy\" decoding=\"async\" class=\"aligncenter wp-image-11209 size-full\" src=\"https:\/\/portesdesiris.ch\/wp-content\/uploads\/2020\/09\/portes-des-iris-robes-de-mariee-for-ever-5.jpeg\" alt=\"robe de mari\u00e9e 5 boutique For Ever\" width=\"427\" height=\"640\" srcset=\"https:\/\/portesdesiris.ch\/wp-content\/uploads\/2020\/09\/portes-des-iris-robes-de-mariee-for-ever-5.jpeg 427w, https:\/\/portesdesiris.ch\/wp-content\/uploads\/2020\/09\/portes-des-iris-robes-de-mariee-for-ever-5-200x300.jpeg 200w\" sizes=\"auto, (max-width: 427px) 100vw, 427px\" \/><\/p>\n<p><strong>FAUT-IL PREVOIR DES ACCESSOIRES\u00a0? VOILE\u00a0? SAC A MAIN\u00a0? BIJOUX\u00a0? BOUQUET DE MARIEE\u00a0?<\/strong><\/p>\n<p><em>Il vaut mieux garder les mains libres pour le bouquet\u2026 donc pas de sac \u00e0 main. Le voile fait un petit retour pour les plus romantiques. Les robes \u00e9tant relativement travaill\u00e9es, les colliers seront tr\u00e8s discrets; privil\u00e9giez surtout le confort pour les chaussures\u2026 afin de ne pas terminer le mariage \u00e0 pieds nus\u2026!<\/em><\/p>\n<p>Et finalement, la question que tout le monde se pose\u00a0: que faire avec sa robe apr\u00e8s le mariage\u00a0?<\/p>\n<div><em><span lang=\"FR\">Nous proposons une boutique seconde main \u00e0 nos clientes qui souhaitent la revendre\u2026 sinon il faut la garder et la ressortir de temps \u00e0 autre pour se rappeler les beaux souvenirs de cette incroyable et m\u00e9morable journ\u00e9e \ud83d\ude09<\/span><\/em><\/div>\n<div><\/div>\n<div><\/div>\n<div>Merci \u00e0 Myriam, que vous pourrez retrouver \u00e0 la boutique<strong>\u00a0Forever<\/strong>, Route des Toches 3, \u00e0 Echandens. Vous trouverez d&#8217;autres photos sur leur\u00a0<a href=\"https:\/\/boutiqueforever.ch\">site<\/a>.<\/div>\n<div><\/div>\n<div>\n<p style=\"text-align: center;\">________________________________________________________________________________________________<\/p>\n<p style=\"text-align: center;\">3. Et pour terminer la \u00a0boutique <a href=\"http:\/\/www.withloveboutique.ch\/\"><em><strong>With Love<\/strong><\/em><\/a>\u00a0\u00e0 Bremblens:<\/p>\n<p>&nbsp;<\/p>\n<p><strong>COMMENT DECRIRIEZ-VOUS VOTRE BOUTIQUE\u00a0?<\/strong><\/p>\n<p><em>Chaleureuse, on s\u2019y sent \u00ab\u00a0comme \u00e0 la maison\u00a0\u00bb, beaucoup de lumi\u00e8re naturelle.<\/em><\/p>\n<p><em>Nous aimons prendre le temps de boire un bon caf\u00e9 ou th\u00e9 pour faire connaissance et parler de votre projet de mariage. Nous avons am\u00e9nag\u00e9\u00a0notre boutique avec amour pour vous et vos proches, pour y vivre des moments de qualit\u00e9s, uniques et inoubliables<\/em><\/p>\n<div id=\"attachment_11381\" style=\"width: 693px\" class=\"wp-caption aligncenter\"><img loading=\"lazy\" decoding=\"async\" aria-describedby=\"caption-attachment-11381\" class=\"wp-image-11381 size-large\" src=\"https:\/\/portesdesiris.ch\/wp-content\/uploads\/2020\/10\/portes-des-iris-robes-de-mariee-with-love-boutique-7-683x1024.jpg\" alt=\"With Love Boutique 1\" width=\"683\" height=\"1024\" srcset=\"https:\/\/portesdesiris.ch\/wp-content\/uploads\/2020\/10\/portes-des-iris-robes-de-mariee-with-love-boutique-7-683x1024.jpg 683w, https:\/\/portesdesiris.ch\/wp-content\/uploads\/2020\/10\/portes-des-iris-robes-de-mariee-with-love-boutique-7-200x300.jpg 200w, https:\/\/portesdesiris.ch\/wp-content\/uploads\/2020\/10\/portes-des-iris-robes-de-mariee-with-love-boutique-7-768x1152.jpg 768w, https:\/\/portesdesiris.ch\/wp-content\/uploads\/2020\/10\/portes-des-iris-robes-de-mariee-with-love-boutique-7.jpg 1000w\" sizes=\"auto, (max-width: 683px) 100vw, 683px\" \/><p id=\"caption-attachment-11381\" class=\"wp-caption-text\">Pic by Christelle Naville Photographie<\/p><\/div>\n<div id=\"attachment_11375\" style=\"width: 1010px\" class=\"wp-caption aligncenter\"><img loading=\"lazy\" decoding=\"async\" aria-describedby=\"caption-attachment-11375\" class=\"wp-image-11375 size-full\" src=\"https:\/\/portesdesiris.ch\/wp-content\/uploads\/2020\/10\/portes-des-iris-robes-de-mariee-with-love-boutique-5.jpg\" alt=\"With Love Boutique 3\" width=\"1000\" height=\"667\" srcset=\"https:\/\/portesdesiris.ch\/wp-content\/uploads\/2020\/10\/portes-des-iris-robes-de-mariee-with-love-boutique-5.jpg 1000w, https:\/\/portesdesiris.ch\/wp-content\/uploads\/2020\/10\/portes-des-iris-robes-de-mariee-with-love-boutique-5-300x200.jpg 300w, https:\/\/portesdesiris.ch\/wp-content\/uploads\/2020\/10\/portes-des-iris-robes-de-mariee-with-love-boutique-5-768x512.jpg 768w\" sizes=\"auto, (max-width: 1000px) 100vw, 1000px\" \/><p id=\"caption-attachment-11375\" class=\"wp-caption-text\">Pic by Christelle Naville Photographie<\/p><\/div>\n<div id=\"attachment_11378\" style=\"width: 1010px\" class=\"wp-caption aligncenter\"><img loading=\"lazy\" decoding=\"async\" aria-describedby=\"caption-attachment-11378\" class=\"wp-image-11378 size-full\" src=\"https:\/\/portesdesiris.ch\/wp-content\/uploads\/2020\/10\/portes-des-iris-robes-de-mariee-with-love-boutique-6.jpg\" alt=\"With Love Boutique 2\" width=\"1000\" height=\"667\" srcset=\"https:\/\/portesdesiris.ch\/wp-content\/uploads\/2020\/10\/portes-des-iris-robes-de-mariee-with-love-boutique-6.jpg 1000w, https:\/\/portesdesiris.ch\/wp-content\/uploads\/2020\/10\/portes-des-iris-robes-de-mariee-with-love-boutique-6-300x200.jpg 300w, https:\/\/portesdesiris.ch\/wp-content\/uploads\/2020\/10\/portes-des-iris-robes-de-mariee-with-love-boutique-6-768x512.jpg 768w\" sizes=\"auto, (max-width: 1000px) 100vw, 1000px\" \/><p id=\"caption-attachment-11378\" class=\"wp-caption-text\">Pic by Christelle Naville Photographie<\/p><\/div>\n<p><strong>QUELS SONT VOS ATOUTS\u00a0? QU\u2019EST-CE QUI VOUS CARACTERISE\u00a0?<\/strong><\/p>\n<p><em>Joie de vivre, passion, sourires, partage, complicit\u00e9,\u00a0<\/em><i>honn\u00eatet\u00e9, bienveillance, professionnalisme&#8230;<\/i><\/p>\n<p><strong>OU PEUT-ON VOUS TROUVER\u00a0? QUELS SONT VOS HORAIRES\u00a0?<\/strong><\/p>\n<p><em>A Bremblens, \u00e0 deux pas des Portes des Iris , \u00e0 la rue de l\u2019\u00e9glise 4, dans l\u2019ancienne salle de classe de l\u2019Ecole du village, que nous avons r\u00e9nov\u00e9e pour vous accueillir. Vous pouvez prendre contact avec nous via notre formulaire disponible sur notre site internet <a href=\"http:\/\/www.withloveboutique.ch\">www.withloveboutique.ch<\/a>. Nous privatisons la boutique pour vous et vos proches. Uniquement sur rendez-vous.<\/em><\/p>\n<p>&nbsp;<\/p>\n<div id=\"attachment_19353\" style=\"width: 586px\" class=\"wp-caption aligncenter\"><img loading=\"lazy\" decoding=\"async\" aria-describedby=\"caption-attachment-19353\" class=\"wp-image-19353 size-large\" src=\"https:\/\/portesdesiris.ch\/wp-content\/uploads\/2025\/04\/image16-576x1024.webp\" alt=\"\" width=\"576\" height=\"1024\" srcset=\"https:\/\/portesdesiris.ch\/wp-content\/uploads\/2025\/04\/image16-576x1024.webp 576w, https:\/\/portesdesiris.ch\/wp-content\/uploads\/2025\/04\/image16-169x300.webp 169w, https:\/\/portesdesiris.ch\/wp-content\/uploads\/2025\/04\/image16-768x1365.webp 768w, https:\/\/portesdesiris.ch\/wp-content\/uploads\/2025\/04\/image16-864x1536.webp 864w, https:\/\/portesdesiris.ch\/wp-content\/uploads\/2025\/04\/image16-1152x2048.webp 1152w, https:\/\/portesdesiris.ch\/wp-content\/uploads\/2025\/04\/image16-scaled.webp 1440w\" sizes=\"auto, (max-width: 576px) 100vw, 576px\" \/><p id=\"caption-attachment-19353\" class=\"wp-caption-text\">Pic by Pauline Falik Photography<\/p><\/div>\n<p>&nbsp;<\/p>\n<p><strong>PARTICIPEZ-VOUS A DES SALONS\u00a0? SI OUI LESQUELS\u00a0?<\/strong><\/p>\n<p><em>Pour l\u2019instant nous privil\u00e9gions des salons intimes et exclusifs. Dans des lieux d&#8217;exception comme aux Portes des Iris. Nous avons particip\u00e9 au Salon du Mariage \u00e0 Beaulieu une fois, car nous aimons beaucoup Philippe et Maureen qui l&#8217;organisent, mais nous avons d\u00e9cid\u00e9 depuis de privil\u00e9gier nos rendez-vous \u00e0 la boutique avec nos futures mari\u00e9es&#8230;<\/em><\/p>\n<p><strong>QUAND COMMENCER A CHERCHER SA ROBE\u00a0?<\/strong><\/p>\n<p><em>D\u00e8s que vous avez dit OUI\u00a0!<\/em><\/p>\n<p><em>D\u00e8s qu\u2019une date et un lieu sont fix\u00e9s\u2026 Ca aide \u00e9norm\u00e9ment pour vous projeter de conna\u00eetre le lieu et la saison du mariage. Dans l\u2019id\u00e9al 8 \u00e0 12 mois avant le jour J ! Savoir si vous avez envie d&#8217;un mariage intime&#8230; D&#8217;une c\u00e9r\u00e9monie religieuse ou la\u00efque&#8230; Mais nous vous conseillons de venir pr\u00eate \u00e0 dire OUI \u00e0 LA robe !<\/em><\/p>\n<\/div>\n<div>\n<p><strong>A QUOI FAUT-IL FAIRE ATTENTION\u00a0?<\/strong><\/p>\n<p><em>De venir accompagn\u00e9e de vos proches, ceux avec qui vous voulez partager ces moments privil\u00e9gi\u00e9s. Entourez-vous de personnes qui vous connaissent bien et qui sont bienveillantes.<\/em><\/p>\n<p>Prenez le temps de pr\u00e9parer ce moment inoubliable ! Venez avec vos envies, vos inspirations. C&#8217;est important de savoir si c&#8217;est vous qui vous offrez LA robe ou si c&#8217;est un cadeau et de savoir si vous avez un budget \u00e0 respecter ou si c&#8217;est &#8218;au coup de coeur&#8216; ! Nous sommes l\u00e0 pour vous accompagner et vous conseiller pour le choix important de votre robe de r\u00eave.<\/p>\n<p>&nbsp;<\/p>\n<div id=\"attachment_19350\" style=\"width: 693px\" class=\"wp-caption aligncenter\"><img loading=\"lazy\" decoding=\"async\" aria-describedby=\"caption-attachment-19350\" class=\"wp-image-19350 size-large\" src=\"https:\/\/portesdesiris.ch\/wp-content\/uploads\/2025\/04\/image11-683x1024.webp\" alt=\"\" width=\"683\" height=\"1024\" srcset=\"https:\/\/portesdesiris.ch\/wp-content\/uploads\/2025\/04\/image11-683x1024.webp 683w, https:\/\/portesdesiris.ch\/wp-content\/uploads\/2025\/04\/image11-200x300.webp 200w, https:\/\/portesdesiris.ch\/wp-content\/uploads\/2025\/04\/image11-768x1152.webp 768w, https:\/\/portesdesiris.ch\/wp-content\/uploads\/2025\/04\/image11-1024x1536.webp 1024w, https:\/\/portesdesiris.ch\/wp-content\/uploads\/2025\/04\/image11-1365x2048.webp 1365w, https:\/\/portesdesiris.ch\/wp-content\/uploads\/2025\/04\/image11-scaled.webp 1707w\" sizes=\"auto, (max-width: 683px) 100vw, 683px\" \/><p id=\"caption-attachment-19350\" class=\"wp-caption-text\">Pic by Pauline Falik Photography<\/p><\/div>\n<p>&nbsp;<\/p>\n<p><strong>MORPHOLOGIE\u00a0? PERSONNALITE\u00a0? SAISON ET METEO\u00a0?<\/strong><\/p>\n<p><em>Trouver la robe qui vous sublime aujourd\u2019hui, qui mette vos atouts en valeur et corresponde \u00e0 la mari\u00e9e que vous voulez \u00eatre. Romantique, \u00e9l\u00e9gante, f\u00e9minine, boh\u00e8me, tendance, sexy, glamour, elle doit refl\u00e9ter votre personnalit\u00e9.<\/em><\/p>\n<p><em>Il est \u00e9galement important de penser \u00e0 la saison de votre mariage, vous ne porterez pas la m\u00eame robe en \u00e9t\u00e9 qu\u2019en hiver, vos accessoires ne seront pas les m\u00eames. Faites-vous plaisir ! Osez brillet ! Osez \u00eatre vous-m\u00eame ! Nous avons le plaisir de pouvoir habiller toutes les femmes, peu importe leur morphologie.<\/em><\/p>\n\n\t\t<style type=\"text\/css\">\n\t\t\t#gallery-9 {\n\t\t\t\tmargin: auto;\n\t\t\t}\n\t\t\t#gallery-9 .gallery-item {\n\t\t\t\tfloat: left;\n\t\t\t\tmargin-top: 10px;\n\t\t\t\ttext-align: center;\n\t\t\t\twidth: 50%;\n\t\t\t}\n\t\t\t#gallery-9 img {\n\t\t\t\tborder: 2px solid #cfcfcf;\n\t\t\t}\n\t\t\t#gallery-9 .gallery-caption {\n\t\t\t\tmargin-left: 0;\n\t\t\t}\n\t\t\t\/* see gallery_shortcode() in wp-includes\/media.php *\/\n\t\t<\/style>\n\t\t<div id='gallery-9' class='gallery galleryid-10949 gallery-columns-2 gallery-size-full'><dl class='gallery-item'>\n\t\t\t<dt class='gallery-icon portrait'>\n\t\t\t\t<a href='https:\/\/portesdesiris.ch\/de\/portes-des-iris-robes-de-mariee-with-love-boutique-11-2\/'><img loading=\"lazy\" decoding=\"async\" width=\"1000\" height=\"1500\" src=\"https:\/\/portesdesiris.ch\/wp-content\/uploads\/2020\/10\/portes-des-iris-robes-de-mariee-with-love-boutique-11.jpg\" class=\"attachment-full size-full\" alt=\"robe de mari\u00e9e 7 - Withloveboutique\" aria-describedby=\"gallery-9-11396\" srcset=\"https:\/\/portesdesiris.ch\/wp-content\/uploads\/2020\/10\/portes-des-iris-robes-de-mariee-with-love-boutique-11.jpg 1000w, https:\/\/portesdesiris.ch\/wp-content\/uploads\/2020\/10\/portes-des-iris-robes-de-mariee-with-love-boutique-11-200x300.jpg 200w, https:\/\/portesdesiris.ch\/wp-content\/uploads\/2020\/10\/portes-des-iris-robes-de-mariee-with-love-boutique-11-683x1024.jpg 683w, https:\/\/portesdesiris.ch\/wp-content\/uploads\/2020\/10\/portes-des-iris-robes-de-mariee-with-love-boutique-11-768x1152.jpg 768w\" sizes=\"auto, (max-width: 1000px) 100vw, 1000px\" \/><\/a>\n\t\t\t<\/dt>\n\t\t\t\t<dd class='wp-caption-text gallery-caption' id='gallery-9-11396'>\n\t\t\t\tPic by Alex Dim Photographe\n\t\t\t\t<\/dd><\/dl><dl class='gallery-item'>\n\t\t\t<dt class='gallery-icon portrait'>\n\t\t\t\t<a href='https:\/\/portesdesiris.ch\/de\/portes-des-iris-robes-de-mariee-with-love-boutique-9-2\/'><img loading=\"lazy\" decoding=\"async\" width=\"1000\" height=\"1500\" src=\"https:\/\/portesdesiris.ch\/wp-content\/uploads\/2020\/10\/portes-des-iris-robes-de-mariee-with-love-boutique-9.jpeg\" class=\"attachment-full size-full\" alt=\"robe de mari\u00e9e 9 - Withloveboutique\" aria-describedby=\"gallery-9-11390\" srcset=\"https:\/\/portesdesiris.ch\/wp-content\/uploads\/2020\/10\/portes-des-iris-robes-de-mariee-with-love-boutique-9.jpeg 1000w, https:\/\/portesdesiris.ch\/wp-content\/uploads\/2020\/10\/portes-des-iris-robes-de-mariee-with-love-boutique-9-200x300.jpeg 200w, https:\/\/portesdesiris.ch\/wp-content\/uploads\/2020\/10\/portes-des-iris-robes-de-mariee-with-love-boutique-9-683x1024.jpeg 683w, https:\/\/portesdesiris.ch\/wp-content\/uploads\/2020\/10\/portes-des-iris-robes-de-mariee-with-love-boutique-9-768x1152.jpeg 768w\" sizes=\"auto, (max-width: 1000px) 100vw, 1000px\" \/><\/a>\n\t\t\t<\/dt>\n\t\t\t\t<dd class='wp-caption-text gallery-caption' id='gallery-9-11390'>\n\t\t\t\tPic by Alex Dim Photographe\n\t\t\t\t<\/dd><\/dl><br style=\"clear: both\" \/>\n\t\t<\/div>\n\n<p><strong>QUEL BUDGET PREVOIR\u00a0?<\/strong><\/p>\n<p><em>Chez With Love, nous avons fait le choix de privil\u00e9gier des marques coup de c\u0153ur qui, comme nous, sont des entreprises familiales, passionn\u00e9es et avec lesquelles nous avons le plaisir de travailler.\u00a0 En ce moment nous repr\u00e9sentons plusieurs cr\u00e9ateurs venant de Bretagne en France, d\u2019Angleterre, des Etats-Unis, <\/em><em>d\u2019Australie, d&#8217;Afrique du Sud et d&#8217;Irlande. Nous aimons trouver les p\u00e9pites qui feront briller les yeux de nos mari\u00e9es !<\/em><\/p>\n<p><em>En boutique actuellement la fourchette de nos robes varie de CHF 2&#8217;200.-\u00a0 \u00e0 CHF 5&#8217;800.- en commande, hors retouches. Avec quelques mod\u00e8les pour des tenues civiles et des robes courtes &#8218;Party Dress&#8216;<\/em><\/p>\n\n\t\t<style type=\"text\/css\">\n\t\t\t#gallery-10 {\n\t\t\t\tmargin: auto;\n\t\t\t}\n\t\t\t#gallery-10 .gallery-item {\n\t\t\t\tfloat: left;\n\t\t\t\tmargin-top: 10px;\n\t\t\t\ttext-align: center;\n\t\t\t\twidth: 50%;\n\t\t\t}\n\t\t\t#gallery-10 img {\n\t\t\t\tborder: 2px solid #cfcfcf;\n\t\t\t}\n\t\t\t#gallery-10 .gallery-caption {\n\t\t\t\tmargin-left: 0;\n\t\t\t}\n\t\t\t\/* see gallery_shortcode() in wp-includes\/media.php *\/\n\t\t<\/style>\n\t\t<div id='gallery-10' class='gallery galleryid-10949 gallery-columns-2 gallery-size-full'><dl class='gallery-item'>\n\t\t\t<dt class='gallery-icon portrait'>\n\t\t\t\t<a href='https:\/\/portesdesiris.ch\/de\/portes-des-iris-robes-de-mariee-with-love-boutique-3-2\/'><img loading=\"lazy\" decoding=\"async\" width=\"427\" height=\"640\" src=\"https:\/\/portesdesiris.ch\/wp-content\/uploads\/2020\/10\/portes-des-iris-robes-de-mariee-with-love-boutique-3.jpeg\" class=\"attachment-full size-full\" alt=\"robe de mari\u00e9e 2 - Withloveboutique\" aria-describedby=\"gallery-10-11345\" srcset=\"https:\/\/portesdesiris.ch\/wp-content\/uploads\/2020\/10\/portes-des-iris-robes-de-mariee-with-love-boutique-3.jpeg 427w, https:\/\/portesdesiris.ch\/wp-content\/uploads\/2020\/10\/portes-des-iris-robes-de-mariee-with-love-boutique-3-200x300.jpeg 200w\" sizes=\"auto, (max-width: 427px) 100vw, 427px\" \/><\/a>\n\t\t\t<\/dt>\n\t\t\t\t<dd class='wp-caption-text gallery-caption' id='gallery-10-11345'>\n\t\t\t\tpic by JBieriPhotos\n\t\t\t\t<\/dd><\/dl><dl class='gallery-item'>\n\t\t\t<dt class='gallery-icon portrait'>\n\t\t\t\t<a href='https:\/\/portesdesiris.ch\/de\/portes-des-iris-robes-de-mariee-with-love-boutique-2-2\/'><img loading=\"lazy\" decoding=\"async\" width=\"427\" height=\"640\" src=\"https:\/\/portesdesiris.ch\/wp-content\/uploads\/2020\/10\/portes-des-iris-robes-de-mariee-with-love-boutique-2.jpeg\" class=\"attachment-full size-full\" alt=\"robe de mari\u00e9e 3 - Withloveboutique\" aria-describedby=\"gallery-10-11342\" srcset=\"https:\/\/portesdesiris.ch\/wp-content\/uploads\/2020\/10\/portes-des-iris-robes-de-mariee-with-love-boutique-2.jpeg 427w, https:\/\/portesdesiris.ch\/wp-content\/uploads\/2020\/10\/portes-des-iris-robes-de-mariee-with-love-boutique-2-200x300.jpeg 200w\" sizes=\"auto, (max-width: 427px) 100vw, 427px\" \/><\/a>\n\t\t\t<\/dt>\n\t\t\t\t<dd class='wp-caption-text gallery-caption' id='gallery-10-11342'>\n\t\t\t\tpic by JBieriPhotos\n\t\t\t\t<\/dd><\/dl><br style=\"clear: both\" \/>\n\t\t<\/div>\n\n<p><strong>QUELLES SONT LES TENDANCES POUR 2025 ?<\/strong><\/p>\n<p><em>Des silhouettes pr\u00e8s du corps, f\u00e9minines et fluides. Un style &#8218;\u00e9pur\u00e9&#8216; &#8218;less is mor&#8216;, des mati\u00e8res sublimes lisses et lumineuses, un look facile \u00e0 accessoiriser avec un beau voile ou des bijoux plus voyants&#8230; Du satin, du cr\u00eape, de la mousseline de soie&#8230;<\/em><\/p>\n<p><em>De la dentelle toujours&#8230; mais souvent en relief, aussi appel\u00e9e 3D. Des motifs floraux, v\u00e9g\u00e9taux, naturels. De la dentelle tr\u00e8s fine aussi &#8218;chantilly&#8216; avec effet lingerie. Des corsets, des baleines apparentes, de la structure, des bustiers, voir des deux pi\u00e8ces bustier et jupe.<\/em><\/p>\n<p><em>On ose la brillance, full glamour, avec des sequins, paillettes plates transparentes, mais aussi pourquoi pas des perles ! Dans ce style, on privil\u00e9gie les cheveux l\u00e2ch\u00e9s avec un effet wavy&#8230;<\/em><\/p>\n<p><em>Des dos nus&#8230; toujours ! Des d\u00e9collet\u00e9s en &#8218;V&#8216; mais aussi de jolis arrondis ou coeur. Le d\u00e9collet\u00e9 carr\u00e9 est tendance \u00e9galement, merci aux influences des s\u00e9ries comme &#8218;Bridgerton&#8216; !<\/em><\/p>\n<p><em>On aime aussi le volume, mais plus ligne &#8218;A&#8216; qui s&#8217;\u00e9vase depuis les hanches que trop &#8218;princesse&#8216;. Un style &#8218;princesse moderne&#8216; tr\u00e8s couture, avec des drap\u00e9s et des tissus d&#8217;exception. Satin de soie duchesse, gaufr\u00e9, textur\u00e9, imprim\u00e9&#8230; Mikado de soie&#8230; C&#8217;est le r\u00eave!<\/em><\/p>\n<p><em>Des teintes nude, ros\u00e9, poudr\u00e9, sable, beige voir taupe en fond de robe pour sublimer le teint et mettre en valeur les motifs de dentelles pr\u00e9sents sur la robe&#8230; Un jeu de transparence subtil et d\u00e9licat qui donne un effet romantique voir sexy selon le mod\u00e8le des robes.<\/em><\/p>\n<p><em>On aime parfois m\u00eame une fente sur la jambe pour lib\u00e9rer un peu plus le confort et le mouvement, une touche tr\u00e8s femme qui donne envie de prendre la pose !\u00a0<\/em><\/p>\n<p>&nbsp;<\/p>\n<div id=\"attachment_19573\" style=\"width: 693px\" class=\"wp-caption aligncenter\"><img loading=\"lazy\" decoding=\"async\" aria-describedby=\"caption-attachment-19573\" class=\"size-large wp-image-19573\" src=\"https:\/\/portesdesiris.ch\/wp-content\/uploads\/2025\/05\/Jessica-Amber-Mariage-Laura-et-Adrien-63FD733C-DC70-4C84-92D5-A4091C1E764F_1_105_c-683x1024.webp\" alt=\"\" width=\"683\" height=\"1024\" srcset=\"https:\/\/portesdesiris.ch\/wp-content\/uploads\/2025\/05\/Jessica-Amber-Mariage-Laura-et-Adrien-63FD733C-DC70-4C84-92D5-A4091C1E764F_1_105_c-683x1024.webp 683w, https:\/\/portesdesiris.ch\/wp-content\/uploads\/2025\/05\/Jessica-Amber-Mariage-Laura-et-Adrien-63FD733C-DC70-4C84-92D5-A4091C1E764F_1_105_c-200x300.webp 200w, https:\/\/portesdesiris.ch\/wp-content\/uploads\/2025\/05\/Jessica-Amber-Mariage-Laura-et-Adrien-63FD733C-DC70-4C84-92D5-A4091C1E764F_1_105_c.webp 724w\" sizes=\"auto, (max-width: 683px) 100vw, 683px\" \/><p id=\"caption-attachment-19573\" class=\"wp-caption-text\">Pic by Jessica Amber<\/p><\/div>\n<p><strong>FAUT-IL PREVOIR DES ACCESSOIRES\u00a0? VOILE\u00a0? SAC A MAIN\u00a0? BIJOUX\u00a0? BOUQUET DE MARIEE\u00a0?<\/strong><\/p>\n<p><em>Le plus important est d\u2019accessoiriser votre robe de r\u00eave avec des accessoires qui vous plaisent et qui se marient parfaitement. Nous aimons habiller la coiffure avec un joli peigne, des bijoux ou des fleurs naturelles voir des fleurs s\u00e9ch\u00e9es\/stabilis\u00e9es (ultra tendance). N&#8217;h\u00e9sitez pas \u00e0 inclure votre cr\u00e9atrice florale dans vos choix ! Le bouquet doit \u00eatre accord\u00e9 \u00e0 l\u2019ambiance de votre mariage; nous aimons privil\u00e9gier des fleurs de saison. <\/em><\/p>\n<p><em>Le voile peut \u00eatre assorti \u00e0 la robe (dentelle identique) ou tout en l\u00e9g\u00e8ret\u00e9 avec des \u00e9clats de cristal par exemple, pour une touche de lumi\u00e8re\u2026 Nous prenons le temps de vous conseiller avec plaisir.<\/em><\/p>\n<p><em>Pour les bijoux, c\u2019est beau de porter un bijou de famille, un cadeau d\u2019un proche, voir de votre fianc\u00e9\/e.<\/em><\/p>\n<p><em>Pour compl\u00e9ter votre look, nous avons choisi des bijoux tendances, glamour ou boh\u00e8me pour vous sublimer ce jour-l\u00e0.<\/em><\/p>\n<p><em>On se fait plaisir avec des accessoires personnalis\u00e9s, brod\u00e9s, de la veste jeans sur-mesure, au voile brod\u00e9 \u00e0 la main&#8230; Mais surtout on laisse parler son coeur et on \u00e9coute ses envies !\u00a0<\/em><\/p>\n<p>&nbsp;<\/p>\n<div id=\"attachment_19452\" style=\"width: 693px\" class=\"wp-caption aligncenter\"><img loading=\"lazy\" decoding=\"async\" aria-describedby=\"caption-attachment-19452\" class=\"wp-image-19452 size-large\" src=\"https:\/\/portesdesiris.ch\/wp-content\/uploads\/2025\/04\/r-e-mariage-613-683x1024.webp\" alt=\"\" width=\"683\" height=\"1024\" srcset=\"https:\/\/portesdesiris.ch\/wp-content\/uploads\/2025\/04\/r-e-mariage-613-683x1024.webp 683w, https:\/\/portesdesiris.ch\/wp-content\/uploads\/2025\/04\/r-e-mariage-613-200x300.webp 200w, https:\/\/portesdesiris.ch\/wp-content\/uploads\/2025\/04\/r-e-mariage-613-768x1152.webp 768w, https:\/\/portesdesiris.ch\/wp-content\/uploads\/2025\/04\/r-e-mariage-613-1024x1536.webp 1024w, https:\/\/portesdesiris.ch\/wp-content\/uploads\/2025\/04\/r-e-mariage-613-1365x2048.webp 1365w, https:\/\/portesdesiris.ch\/wp-content\/uploads\/2025\/04\/r-e-mariage-613-scaled.webp 1707w\" sizes=\"auto, (max-width: 683px) 100vw, 683px\" \/><p id=\"caption-attachment-19452\" class=\"wp-caption-text\">Pic by Diana Baccini<\/p><\/div>\n<p>Et finalement, la question que tout le monde se pose\u00a0: que faire avec sa robe apr\u00e8s le mariage\u00a0?<\/p>\n<p><em>Beaucoup de femmes souhaitent reporter leur robe mais tr\u00e8s souvent, apr\u00e8s le mariage, c\u2019est plus difficile de la modifier car on souhaite pr\u00e9server la robe telle quelle. Nous conseillons un service de pressing pour qu\u2019elle redevienne comme neuve. Il existe \u00e9galement des bo\u00eetes pour la conserver, mais la jolie housse que nous offrons \u00e0 nos mari\u00e9es convient aussi parfaitement.<\/em><\/p>\n<p>Un grand merci aussi \u00e0 Laetitia &amp; L\u00e9a, que vous pouvez retrouver chez <strong>With Love<\/strong>, Rue de l&#8217;Eglise 4, \u00e0 Bremblens . Vous serez encore plus inspir\u00e9es sur les photos de leur <a href=\"http:\/\/www.withloveboutique.ch\">site Internet<\/a>.<\/p>\n<p>&nbsp;<\/p>\n<\/div>\n<p>Alors pour terminer, nous esp\u00e9rons avoir votre avis, car nous n\u2019arrivons pas \u00e0 nous mettre d\u2019accord, nous, coordinatrices aux Portes des Iris, et nous aimerions savoir ce que VOUS, allez faire\/avez fait de vos magnifiques robes? Envoyez-nous un mail \u00e0 <a href=\"mailto:info@portesdesiris.ch\">info@portesdesiris.ch<\/a>.<\/p>\n<p>&nbsp;<\/p>\n<p>Corinne Salvisberg Perrone, octobre 2020 \/ revisit\u00e9 en avril 2025<\/p>\n<p>&nbsp;<\/p>\n<p>&nbsp;<\/p>\n","protected":false},"excerpt":{"rendered":"<p>Qui de vous ne s&#8217;est pas pos\u00e9 ces questions lors des premi\u00e8res r\u00e9flexions \u00e0 propos de sa future robe de mari\u00e9e? Mais au fait, savez-vous quelle est la signification d&#8217;une robe de mari\u00e9e? Pendant tr\u00e8s longtemps, les femmes n&#8217;avaient pas de robe sp\u00e9cifique, elles portaient simplement leur plus belle robe lors de leur union, peu [&hellip;]<\/p>\n","protected":false},"author":6,"featured_media":7770,"comment_status":"open","ping_status":"open","sticky":false,"template":"","format":"standard","meta":{"_acf_changed":false,"footnotes":""},"categories":[1,27,13,15],"tags":[],"class_list":["post-10949","post","type-post","status-publish","format-standard","has-post-thumbnail","hentry","category-blog","category-interview","category-wedding","category-providers"],"acf":[],"yoast_head":"<!-- This site is optimized with the Yoast SEO plugin v26.7 - https:\/\/yoast.com\/wordpress\/plugins\/seo\/ -->\n<title>Quelle robe pour votre mariage? Traditionnelle ou boh\u00e8me? Dentelles ou paillettes? A votre image ou pour plaire au futur mari\u00e9 ou \u00e0 la future mari\u00e9e? - Portes des Iris<\/title>\n<meta name=\"robots\" content=\"index, follow, max-snippet:-1, max-image-preview:large, max-video-preview:-1\" \/>\n<link rel=\"canonical\" href=\"https:\/\/portesdesiris.ch\/robe-traditionnelle-ou-boheme-smoking-ou-sexy-a-votre-image-ou-pour-plaire-au-futur-marie-ou-a-la-future-mariee\/\" \/>\n<meta property=\"og:locale\" content=\"de_DE\" \/>\n<meta property=\"og:type\" content=\"article\" \/>\n<meta property=\"og:title\" content=\"Quelle robe pour votre mariage? Traditionnelle ou boh\u00e8me? Dentelles ou paillettes? A votre image ou pour plaire au futur mari\u00e9 ou \u00e0 la future mari\u00e9e? - Portes des Iris\" \/>\n<meta property=\"og:description\" content=\"Qui de vous ne s&#8217;est pas pos\u00e9 ces questions lors des premi\u00e8res r\u00e9flexions \u00e0 propos de sa future robe de mari\u00e9e? Mais au fait, savez-vous quelle est la signification d&#8217;une robe de mari\u00e9e? Pendant tr\u00e8s longtemps, les femmes n&#8217;avaient pas de robe sp\u00e9cifique, elles portaient simplement leur plus belle robe lors de leur union, peu [&hellip;]\" \/>\n<meta property=\"og:url\" content=\"https:\/\/portesdesiris.ch\/robe-traditionnelle-ou-boheme-smoking-ou-sexy-a-votre-image-ou-pour-plaire-au-futur-marie-ou-a-la-future-mariee\/\" \/>\n<meta property=\"og:site_name\" content=\"Portes des Iris\" \/>\n<meta property=\"article:publisher\" content=\"https:\/\/www.facebook.com\/portesdesiris\/\" \/>\n<meta property=\"article:published_time\" content=\"2020-10-27T07:44:19+00:00\" \/>\n<meta property=\"article:modified_time\" content=\"2025-05-23T08:28:27+00:00\" \/>\n<meta property=\"og:image\" content=\"https:\/\/portesdesiris.ch\/wp-content\/uploads\/2019\/12\/portes-des-iris-mariage-garden-party_18.jpeg\" \/>\n\t<meta property=\"og:image:width\" content=\"1900\" \/>\n\t<meta property=\"og:image:height\" content=\"1267\" \/>\n\t<meta property=\"og:image:type\" content=\"image\/jpeg\" \/>\n<meta name=\"author\" content=\"Portes des Iris\" \/>\n<meta name=\"twitter:card\" content=\"summary_large_image\" \/>\n<meta name=\"twitter:label1\" content=\"Verfasst von\" \/>\n\t<meta name=\"twitter:data1\" content=\"Portes des Iris\" \/>\n\t<meta name=\"twitter:label2\" content=\"Gesch\u00e4tzte Lesezeit\" \/>\n\t<meta name=\"twitter:data2\" content=\"18\u00a0Minuten\" \/>\n<script type=\"application\/ld+json\" class=\"yoast-schema-graph\">{\"@context\":\"https:\/\/schema.org\",\"@graph\":[{\"@type\":\"Article\",\"@id\":\"https:\/\/portesdesiris.ch\/robe-traditionnelle-ou-boheme-smoking-ou-sexy-a-votre-image-ou-pour-plaire-au-futur-marie-ou-a-la-future-mariee\/#article\",\"isPartOf\":{\"@id\":\"https:\/\/portesdesiris.ch\/robe-traditionnelle-ou-boheme-smoking-ou-sexy-a-votre-image-ou-pour-plaire-au-futur-marie-ou-a-la-future-mariee\/\"},\"author\":{\"name\":\"Portes des Iris\",\"@id\":\"https:\/\/portesdesiris.ch\/de\/#\/schema\/person\/1fec589d003851c4ffe308e8071bffeb\"},\"headline\":\"Quelle robe pour votre mariage? Traditionnelle ou boh\u00e8me? Dentelles ou paillettes? A votre image ou pour plaire au futur mari\u00e9 ou \u00e0 la future mari\u00e9e?\",\"datePublished\":\"2020-10-27T07:44:19+00:00\",\"dateModified\":\"2025-05-23T08:28:27+00:00\",\"mainEntityOfPage\":{\"@id\":\"https:\/\/portesdesiris.ch\/robe-traditionnelle-ou-boheme-smoking-ou-sexy-a-votre-image-ou-pour-plaire-au-futur-marie-ou-a-la-future-mariee\/\"},\"wordCount\":3240,\"commentCount\":0,\"image\":{\"@id\":\"https:\/\/portesdesiris.ch\/robe-traditionnelle-ou-boheme-smoking-ou-sexy-a-votre-image-ou-pour-plaire-au-futur-marie-ou-a-la-future-mariee\/#primaryimage\"},\"thumbnailUrl\":\"https:\/\/portesdesiris.ch\/wp-content\/uploads\/2019\/12\/portes-des-iris-mariage-garden-party_18.jpeg\",\"articleSection\":[\"Blog\",\"Interview\",\"Mariages\",\"Prestataires\"],\"inLanguage\":\"de\",\"potentialAction\":[{\"@type\":\"CommentAction\",\"name\":\"Comment\",\"target\":[\"https:\/\/portesdesiris.ch\/robe-traditionnelle-ou-boheme-smoking-ou-sexy-a-votre-image-ou-pour-plaire-au-futur-marie-ou-a-la-future-mariee\/#respond\"]}]},{\"@type\":\"WebPage\",\"@id\":\"https:\/\/portesdesiris.ch\/robe-traditionnelle-ou-boheme-smoking-ou-sexy-a-votre-image-ou-pour-plaire-au-futur-marie-ou-a-la-future-mariee\/\",\"url\":\"https:\/\/portesdesiris.ch\/robe-traditionnelle-ou-boheme-smoking-ou-sexy-a-votre-image-ou-pour-plaire-au-futur-marie-ou-a-la-future-mariee\/\",\"name\":\"Quelle robe pour votre mariage? Traditionnelle ou boh\u00e8me? Dentelles ou paillettes? A votre image ou pour plaire au futur mari\u00e9 ou \u00e0 la future mari\u00e9e? - Portes des Iris\",\"isPartOf\":{\"@id\":\"https:\/\/portesdesiris.ch\/de\/#website\"},\"primaryImageOfPage\":{\"@id\":\"https:\/\/portesdesiris.ch\/robe-traditionnelle-ou-boheme-smoking-ou-sexy-a-votre-image-ou-pour-plaire-au-futur-marie-ou-a-la-future-mariee\/#primaryimage\"},\"image\":{\"@id\":\"https:\/\/portesdesiris.ch\/robe-traditionnelle-ou-boheme-smoking-ou-sexy-a-votre-image-ou-pour-plaire-au-futur-marie-ou-a-la-future-mariee\/#primaryimage\"},\"thumbnailUrl\":\"https:\/\/portesdesiris.ch\/wp-content\/uploads\/2019\/12\/portes-des-iris-mariage-garden-party_18.jpeg\",\"datePublished\":\"2020-10-27T07:44:19+00:00\",\"dateModified\":\"2025-05-23T08:28:27+00:00\",\"author\":{\"@id\":\"https:\/\/portesdesiris.ch\/de\/#\/schema\/person\/1fec589d003851c4ffe308e8071bffeb\"},\"breadcrumb\":{\"@id\":\"https:\/\/portesdesiris.ch\/robe-traditionnelle-ou-boheme-smoking-ou-sexy-a-votre-image-ou-pour-plaire-au-futur-marie-ou-a-la-future-mariee\/#breadcrumb\"},\"inLanguage\":\"de\",\"potentialAction\":[{\"@type\":\"ReadAction\",\"target\":[\"https:\/\/portesdesiris.ch\/robe-traditionnelle-ou-boheme-smoking-ou-sexy-a-votre-image-ou-pour-plaire-au-futur-marie-ou-a-la-future-mariee\/\"]}]},{\"@type\":\"ImageObject\",\"inLanguage\":\"de\",\"@id\":\"https:\/\/portesdesiris.ch\/robe-traditionnelle-ou-boheme-smoking-ou-sexy-a-votre-image-ou-pour-plaire-au-futur-marie-ou-a-la-future-mariee\/#primaryimage\",\"url\":\"https:\/\/portesdesiris.ch\/wp-content\/uploads\/2019\/12\/portes-des-iris-mariage-garden-party_18.jpeg\",\"contentUrl\":\"https:\/\/portesdesiris.ch\/wp-content\/uploads\/2019\/12\/portes-des-iris-mariage-garden-party_18.jpeg\",\"width\":1900,\"height\":1267,\"caption\":\"robe de mari\u00e9e portes des iris\"},{\"@type\":\"BreadcrumbList\",\"@id\":\"https:\/\/portesdesiris.ch\/robe-traditionnelle-ou-boheme-smoking-ou-sexy-a-votre-image-ou-pour-plaire-au-futur-marie-ou-a-la-future-mariee\/#breadcrumb\",\"itemListElement\":[{\"@type\":\"ListItem\",\"position\":1,\"name\":\"Accueil\",\"item\":\"https:\/\/portesdesiris.ch\/de\/\"},{\"@type\":\"ListItem\",\"position\":2,\"name\":\"Quelle robe pour votre mariage? Traditionnelle ou boh\u00e8me? Dentelles ou paillettes? A votre image ou pour plaire au futur mari\u00e9 ou \u00e0 la future mari\u00e9e?\"}]},{\"@type\":\"WebSite\",\"@id\":\"https:\/\/portesdesiris.ch\/de\/#website\",\"url\":\"https:\/\/portesdesiris.ch\/de\/\",\"name\":\"Portes des Iris\",\"description\":\"\",\"potentialAction\":[{\"@type\":\"SearchAction\",\"target\":{\"@type\":\"EntryPoint\",\"urlTemplate\":\"https:\/\/portesdesiris.ch\/de\/?s={search_term_string}\"},\"query-input\":{\"@type\":\"PropertyValueSpecification\",\"valueRequired\":true,\"valueName\":\"search_term_string\"}}],\"inLanguage\":\"de\"},{\"@type\":\"Person\",\"@id\":\"https:\/\/portesdesiris.ch\/de\/#\/schema\/person\/1fec589d003851c4ffe308e8071bffeb\",\"name\":\"Portes des Iris\",\"image\":{\"@type\":\"ImageObject\",\"inLanguage\":\"de\",\"@id\":\"https:\/\/portesdesiris.ch\/de\/#\/schema\/person\/image\/\",\"url\":\"https:\/\/secure.gravatar.com\/avatar\/130218f921c4cc9c452a947ae622f180eddde80d56f659695eaebe8acade8074?s=96&d=mm&r=g\",\"contentUrl\":\"https:\/\/secure.gravatar.com\/avatar\/130218f921c4cc9c452a947ae622f180eddde80d56f659695eaebe8acade8074?s=96&d=mm&r=g\",\"caption\":\"Portes des Iris\"},\"url\":\"https:\/\/portesdesiris.ch\/de\/author\/portesdesiris\/\"}]}<\/script>\n<!-- \/ Yoast SEO plugin. -->","yoast_head_json":{"title":"Quelle robe pour votre mariage? Traditionnelle ou boh\u00e8me? Dentelles ou paillettes? A votre image ou pour plaire au futur mari\u00e9 ou \u00e0 la future mari\u00e9e? - Portes des Iris","robots":{"index":"index","follow":"follow","max-snippet":"max-snippet:-1","max-image-preview":"max-image-preview:large","max-video-preview":"max-video-preview:-1"},"canonical":"https:\/\/portesdesiris.ch\/robe-traditionnelle-ou-boheme-smoking-ou-sexy-a-votre-image-ou-pour-plaire-au-futur-marie-ou-a-la-future-mariee\/","og_locale":"de_DE","og_type":"article","og_title":"Quelle robe pour votre mariage? Traditionnelle ou boh\u00e8me? Dentelles ou paillettes? A votre image ou pour plaire au futur mari\u00e9 ou \u00e0 la future mari\u00e9e? - Portes des Iris","og_description":"Qui de vous ne s&#8217;est pas pos\u00e9 ces questions lors des premi\u00e8res r\u00e9flexions \u00e0 propos de sa future robe de mari\u00e9e? Mais au fait, savez-vous quelle est la signification d&#8217;une robe de mari\u00e9e? Pendant tr\u00e8s longtemps, les femmes n&#8217;avaient pas de robe sp\u00e9cifique, elles portaient simplement leur plus belle robe lors de leur union, peu [&hellip;]","og_url":"https:\/\/portesdesiris.ch\/robe-traditionnelle-ou-boheme-smoking-ou-sexy-a-votre-image-ou-pour-plaire-au-futur-marie-ou-a-la-future-mariee\/","og_site_name":"Portes des Iris","article_publisher":"https:\/\/www.facebook.com\/portesdesiris\/","article_published_time":"2020-10-27T07:44:19+00:00","article_modified_time":"2025-05-23T08:28:27+00:00","og_image":[{"width":1900,"height":1267,"url":"https:\/\/portesdesiris.ch\/wp-content\/uploads\/2019\/12\/portes-des-iris-mariage-garden-party_18.jpeg","type":"image\/jpeg"}],"author":"Portes des Iris","twitter_card":"summary_large_image","twitter_misc":{"Verfasst von":"Portes des Iris","Gesch\u00e4tzte Lesezeit":"18\u00a0Minuten"},"schema":{"@context":"https:\/\/schema.org","@graph":[{"@type":"Article","@id":"https:\/\/portesdesiris.ch\/robe-traditionnelle-ou-boheme-smoking-ou-sexy-a-votre-image-ou-pour-plaire-au-futur-marie-ou-a-la-future-mariee\/#article","isPartOf":{"@id":"https:\/\/portesdesiris.ch\/robe-traditionnelle-ou-boheme-smoking-ou-sexy-a-votre-image-ou-pour-plaire-au-futur-marie-ou-a-la-future-mariee\/"},"author":{"name":"Portes des Iris","@id":"https:\/\/portesdesiris.ch\/de\/#\/schema\/person\/1fec589d003851c4ffe308e8071bffeb"},"headline":"Quelle robe pour votre mariage? Traditionnelle ou boh\u00e8me? Dentelles ou paillettes? A votre image ou pour plaire au futur mari\u00e9 ou \u00e0 la future mari\u00e9e?","datePublished":"2020-10-27T07:44:19+00:00","dateModified":"2025-05-23T08:28:27+00:00","mainEntityOfPage":{"@id":"https:\/\/portesdesiris.ch\/robe-traditionnelle-ou-boheme-smoking-ou-sexy-a-votre-image-ou-pour-plaire-au-futur-marie-ou-a-la-future-mariee\/"},"wordCount":3240,"commentCount":0,"image":{"@id":"https:\/\/portesdesiris.ch\/robe-traditionnelle-ou-boheme-smoking-ou-sexy-a-votre-image-ou-pour-plaire-au-futur-marie-ou-a-la-future-mariee\/#primaryimage"},"thumbnailUrl":"https:\/\/portesdesiris.ch\/wp-content\/uploads\/2019\/12\/portes-des-iris-mariage-garden-party_18.jpeg","articleSection":["Blog","Interview","Mariages","Prestataires"],"inLanguage":"de","potentialAction":[{"@type":"CommentAction","name":"Comment","target":["https:\/\/portesdesiris.ch\/robe-traditionnelle-ou-boheme-smoking-ou-sexy-a-votre-image-ou-pour-plaire-au-futur-marie-ou-a-la-future-mariee\/#respond"]}]},{"@type":"WebPage","@id":"https:\/\/portesdesiris.ch\/robe-traditionnelle-ou-boheme-smoking-ou-sexy-a-votre-image-ou-pour-plaire-au-futur-marie-ou-a-la-future-mariee\/","url":"https:\/\/portesdesiris.ch\/robe-traditionnelle-ou-boheme-smoking-ou-sexy-a-votre-image-ou-pour-plaire-au-futur-marie-ou-a-la-future-mariee\/","name":"Quelle robe pour votre mariage? Traditionnelle ou boh\u00e8me? Dentelles ou paillettes? A votre image ou pour plaire au futur mari\u00e9 ou \u00e0 la future mari\u00e9e? - Portes des Iris","isPartOf":{"@id":"https:\/\/portesdesiris.ch\/de\/#website"},"primaryImageOfPage":{"@id":"https:\/\/portesdesiris.ch\/robe-traditionnelle-ou-boheme-smoking-ou-sexy-a-votre-image-ou-pour-plaire-au-futur-marie-ou-a-la-future-mariee\/#primaryimage"},"image":{"@id":"https:\/\/portesdesiris.ch\/robe-traditionnelle-ou-boheme-smoking-ou-sexy-a-votre-image-ou-pour-plaire-au-futur-marie-ou-a-la-future-mariee\/#primaryimage"},"thumbnailUrl":"https:\/\/portesdesiris.ch\/wp-content\/uploads\/2019\/12\/portes-des-iris-mariage-garden-party_18.jpeg","datePublished":"2020-10-27T07:44:19+00:00","dateModified":"2025-05-23T08:28:27+00:00","author":{"@id":"https:\/\/portesdesiris.ch\/de\/#\/schema\/person\/1fec589d003851c4ffe308e8071bffeb"},"breadcrumb":{"@id":"https:\/\/portesdesiris.ch\/robe-traditionnelle-ou-boheme-smoking-ou-sexy-a-votre-image-ou-pour-plaire-au-futur-marie-ou-a-la-future-mariee\/#breadcrumb"},"inLanguage":"de","potentialAction":[{"@type":"ReadAction","target":["https:\/\/portesdesiris.ch\/robe-traditionnelle-ou-boheme-smoking-ou-sexy-a-votre-image-ou-pour-plaire-au-futur-marie-ou-a-la-future-mariee\/"]}]},{"@type":"ImageObject","inLanguage":"de","@id":"https:\/\/portesdesiris.ch\/robe-traditionnelle-ou-boheme-smoking-ou-sexy-a-votre-image-ou-pour-plaire-au-futur-marie-ou-a-la-future-mariee\/#primaryimage","url":"https:\/\/portesdesiris.ch\/wp-content\/uploads\/2019\/12\/portes-des-iris-mariage-garden-party_18.jpeg","contentUrl":"https:\/\/portesdesiris.ch\/wp-content\/uploads\/2019\/12\/portes-des-iris-mariage-garden-party_18.jpeg","width":1900,"height":1267,"caption":"robe de mari\u00e9e portes des iris"},{"@type":"BreadcrumbList","@id":"https:\/\/portesdesiris.ch\/robe-traditionnelle-ou-boheme-smoking-ou-sexy-a-votre-image-ou-pour-plaire-au-futur-marie-ou-a-la-future-mariee\/#breadcrumb","itemListElement":[{"@type":"ListItem","position":1,"name":"Accueil","item":"https:\/\/portesdesiris.ch\/de\/"},{"@type":"ListItem","position":2,"name":"Quelle robe pour votre mariage? Traditionnelle ou boh\u00e8me? Dentelles ou paillettes? A votre image ou pour plaire au futur mari\u00e9 ou \u00e0 la future mari\u00e9e?"}]},{"@type":"WebSite","@id":"https:\/\/portesdesiris.ch\/de\/#website","url":"https:\/\/portesdesiris.ch\/de\/","name":"Portes des Iris","description":"","potentialAction":[{"@type":"SearchAction","target":{"@type":"EntryPoint","urlTemplate":"https:\/\/portesdesiris.ch\/de\/?s={search_term_string}"},"query-input":{"@type":"PropertyValueSpecification","valueRequired":true,"valueName":"search_term_string"}}],"inLanguage":"de"},{"@type":"Person","@id":"https:\/\/portesdesiris.ch\/de\/#\/schema\/person\/1fec589d003851c4ffe308e8071bffeb","name":"Portes des Iris","image":{"@type":"ImageObject","inLanguage":"de","@id":"https:\/\/portesdesiris.ch\/de\/#\/schema\/person\/image\/","url":"https:\/\/secure.gravatar.com\/avatar\/130218f921c4cc9c452a947ae622f180eddde80d56f659695eaebe8acade8074?s=96&d=mm&r=g","contentUrl":"https:\/\/secure.gravatar.com\/avatar\/130218f921c4cc9c452a947ae622f180eddde80d56f659695eaebe8acade8074?s=96&d=mm&r=g","caption":"Portes des Iris"},"url":"https:\/\/portesdesiris.ch\/de\/author\/portesdesiris\/"}]}},"_links":{"self":[{"href":"https:\/\/portesdesiris.ch\/de\/wp-json\/wp\/v2\/posts\/10949","targetHints":{"allow":["GET"]}}],"collection":[{"href":"https:\/\/portesdesiris.ch\/de\/wp-json\/wp\/v2\/posts"}],"about":[{"href":"https:\/\/portesdesiris.ch\/de\/wp-json\/wp\/v2\/types\/post"}],"author":[{"embeddable":true,"href":"https:\/\/portesdesiris.ch\/de\/wp-json\/wp\/v2\/users\/6"}],"replies":[{"embeddable":true,"href":"https:\/\/portesdesiris.ch\/de\/wp-json\/wp\/v2\/comments?post=10949"}],"version-history":[{"count":13,"href":"https:\/\/portesdesiris.ch\/de\/wp-json\/wp\/v2\/posts\/10949\/revisions"}],"predecessor-version":[{"id":19576,"href":"https:\/\/portesdesiris.ch\/de\/wp-json\/wp\/v2\/posts\/10949\/revisions\/19576"}],"wp:featuredmedia":[{"embeddable":true,"href":"https:\/\/portesdesiris.ch\/de\/wp-json\/wp\/v2\/media\/7770"}],"wp:attachment":[{"href":"https:\/\/portesdesiris.ch\/de\/wp-json\/wp\/v2\/media?parent=10949"}],"wp:term":[{"taxonomy":"category","embeddable":true,"href":"https:\/\/portesdesiris.ch\/de\/wp-json\/wp\/v2\/categories?post=10949"},{"taxonomy":"post_tag","embeddable":true,"href":"https:\/\/portesdesiris.ch\/de\/wp-json\/wp\/v2\/tags?post=10949"}],"curies":[{"name":"wp","href":"https:\/\/api.w.org\/{rel}","templated":true}]}}